{"id":14492,"date":"2022-07-06T20:17:27","date_gmt":"2022-07-06T17:17:27","guid":{"rendered":"https:\/\/cji.md\/?p=14492"},"modified":"2022-07-06T20:18:23","modified_gmt":"2022-07-06T17:18:23","slug":"monthly-bulletin-june-2022","status":"publish","type":"post","link":"https:\/\/cji.md\/en\/monthly-bulletin-june-2022\/","title":{"rendered":"Monthly Bulletin, June 2022"},"content":{"rendered":"<div class=\"wpb-content-wrapper\">[vc_row][vc_column][vc_column_text]\r\n\r\n<center><\/center>&nbsp;\r\n<table id=\"bodyTable\" border=\"0\" width=\"100%\" cellspacing=\"0\" cellpadding=\"0\" align=\"center\">\r\n<tbody>\r\n<tr>\r\n<td id=\"bodyCell\" align=\"center\" valign=\"top\">\r\n<table border=\"0\" width=\"100%\" cellspacing=\"0\" cellpadding=\"0\">\r\n<tbody>\r\n<tr>\r\n<td id=\"templateHeader\" valign=\"top\"><\/td>\r\n<\/tr>\r\n<tr>\r\n<td id=\"templateBody\" valign=\"top\">\r\n<table border=\"0\" width=\"100%\" cellspacing=\"0\" cellpadding=\"0\">\r\n<tbody>\r\n<tr>\r\n<td valign=\"top\">\r\n<table border=\"0\" width=\"100%\" cellspacing=\"0\" cellpadding=\"0\" align=\"left\">\r\n<tbody>\r\n<tr>\r\n<td valign=\"top\">\r\n<h2><a href=\"https:\/\/cji.md\/en\/thanks-to-the-efforts-of-the-icj-the-committee-of-ministers-of-the-council-of-europe-will-continue-to-monitor-the-implementation-of-the-manole-and-others-v-moldova-judgment\/\">Thanks to the efforts of the IJC, the Committee of Ministers of the Council of Europe will continue to monitor the implementation of the Manole et al v. Moldova judgment<\/a><\/h2>\r\n<\/td>\r\n<\/tr>\r\n<\/tbody>\r\n<\/table>\r\n<!-- [if mso]><\/td>\r\n<![endif]-->\r\n\r\n<!-- [if mso]><\/tr>\r\n<\/table>\r\n<![endif]--><\/td>\r\n<\/tr>\r\n<\/tbody>\r\n<\/table>\r\n<table border=\"0\" width=\"100%\" cellspacing=\"0\" cellpadding=\"0\">\r\n<tbody>\r\n<tr>\r\n<td valign=\"top\">\r\n<table border=\"0\" width=\"100%\" cellspacing=\"0\" cellpadding=\"0\" align=\"left\">\r\n<tbody>\r\n<tr>\r\n<td valign=\"top\"><img decoding=\"async\" src=\"data:image\/gif;base64,R0lGODlhAQABAAAAACH5BAEKAAEALAAAAAABAAEAAAICTAEAOw==\" data-src=\"https:\/\/mcusercontent.com\/2fbb6e402472903faeb1aa6c4\/images\/b1ce010d-d064-7682-1b70-c2f78a4c15ee.jpg\" alt=\"\" width=\"564\" align=\"center\" class=\"lazyload\" \/><\/td>\r\n<\/tr>\r\n<\/tbody>\r\n<\/table>\r\n<\/td>\r\n<\/tr>\r\n<\/tbody>\r\n<\/table>\r\n<table border=\"0\" width=\"100%\" cellspacing=\"0\" cellpadding=\"0\">\r\n<tbody>\r\n<tr>\r\n<td valign=\"top\"><!-- [if mso]>\r\n<table align=\"left\" border=\"0\" cellspacing=\"0\" cellpadding=\"0\" width=\"100%\" style=\"width:100%;\">\r\n<tr>\r\n\t\t\t\t<![endif]--><!-- [if mso]>\r\n<td valign=\"top\" width=\"600\" style=\"width:600px;\">\r\n\t\t\t\t<![endif]-->\r\n<table border=\"0\" width=\"100%\" cellspacing=\"0\" cellpadding=\"0\" align=\"left\">\r\n<tbody>\r\n<tr>\r\n<td valign=\"top\">\r\n<div>\r\n\r\nOn June 10, the Committee of Ministers (CM) of the Council of Europe (CoE) decided to continue monitoring the authorities of the Republic of Moldova to ensure that they properly implement the European Court of Human Rights (ECtHR) judgment in the case of Manole et al v. Moldova. Furthermore, the case has been moved from the standard monitoring procedure to the advanced monitoring procedure, these actions being a direct result of Communication 9.2. sent by the Independent Journalism Center (IJC) to the CM at the end of 2021.\r\n\r\nThe IJC prepared a detailed study on the execution of this ECtHR judgment, finding that the amendments made to the content of the Audiovisual Media Services Code (AMSC) in autumn 2021 bring back into law mechanisms similar to those existing at the time of the violation. These mechanisms will prevent the closure of the supervision of the implementation of the judgment.\r\n\r\nAfter the IJC&#8217;s findings reached the CM, the CoE body decided to continue examining the case in an advanced procedure, encouraging the authorities &#8220;to review the provisions of the AMSC to ensure that they provide clear guarantees for the genuine independence of the BC and irremovability of its members, as well as to exclude possible political control of Teleradio-Moldova (TRM).&#8221;\r\n\r\nIt should be recalled that in 2009, Moldova was condemned for violating Article 10 of the European Convention on Human Rights (ECtHR), which guarantees the right to free expression. The violation persisted from 2001-2006 due to the interference of state authorities in TRM\u2019s editorial policy.\r\n\r\nThe Manole et al v Moldova judgment had to wait more than twelve years for Moldova to comply with its obligation to submit to the CoE CM an appropriate Action Plan indicating the measures taken to avoid being put on the &#8220;doomed bench&#8221; again.\r\n\r\nThe IJC activities were carried out in the framework of the project &#8220;Facilitating the execution of ECtHR judgments in freedom of expression cases,&#8221; implemented with the financial support of the Baltic Centre for Media Excellence (BCME).\r\n\r\n<\/div><\/td>\r\n<\/tr>\r\n<\/tbody>\r\n<\/table>\r\n<!-- [if mso]><\/td>\r\n<![endif]-->\r\n\r\n<!-- [if mso]><\/tr>\r\n<\/table>\r\n<![endif]--><\/td>\r\n<\/tr>\r\n<\/tbody>\r\n<\/table>\r\n<table border=\"0\" width=\"100%\" cellspacing=\"0\" cellpadding=\"0\">\r\n<tbody>\r\n<tr>\r\n<td valign=\"top\"><!-- [if mso]>\r\n<table align=\"left\" border=\"0\" cellspacing=\"0\" cellpadding=\"0\" width=\"100%\" style=\"width:100%;\">\r\n<tr>\r\n\t\t\t\t<![endif]--><!-- [if mso]>\r\n<td valign=\"top\" width=\"600\" style=\"width:600px;\">\r\n\t\t\t\t<![endif]-->\r\n<table border=\"0\" width=\"100%\" cellspacing=\"0\" cellpadding=\"0\" align=\"left\">\r\n<tbody>\r\n<tr>\r\n<td valign=\"top\">\r\n<h2><a href=\"https:\/\/mediacritica.md\/redactorul-gagauznews-md-retinut-si-suspectat-de-propaganda-de-razboi\/\">Gagauznews.md editor detained and suspected of war propaganda<\/a><\/h2>\r\n<\/td>\r\n<\/tr>\r\n<\/tbody>\r\n<\/table>\r\n<!-- [if mso]><\/td>\r\n<![endif]-->\r\n\r\n<!-- [if mso]><\/tr>\r\n<\/table>\r\n<![endif]--><\/td>\r\n<\/tr>\r\n<\/tbody>\r\n<\/table>\r\n<table border=\"0\" width=\"100%\" cellspacing=\"0\" cellpadding=\"0\">\r\n<tbody>\r\n<tr>\r\n<td valign=\"top\">\r\n<table border=\"0\" width=\"100%\" cellspacing=\"0\" cellpadding=\"0\" align=\"left\">\r\n<tbody>\r\n<tr>\r\n<td valign=\"top\"><img decoding=\"async\" src=\"data:image\/gif;base64,R0lGODlhAQABAAAAACH5BAEKAAEALAAAAAABAAEAAAICTAEAOw==\" data-src=\"https:\/\/mcusercontent.com\/2fbb6e402472903faeb1aa6c4\/images\/326701c5-32ae-09eb-a27b-76ba64f25a26.png\" alt=\"\" width=\"564\" align=\"center\" class=\"lazyload\" \/><\/td>\r\n<\/tr>\r\n<\/tbody>\r\n<\/table>\r\n<\/td>\r\n<\/tr>\r\n<\/tbody>\r\n<\/table>\r\n<table border=\"0\" width=\"100%\" cellspacing=\"0\" cellpadding=\"0\">\r\n<tbody>\r\n<tr>\r\n<td valign=\"top\"><!-- [if mso]>\r\n<table align=\"left\" border=\"0\" cellspacing=\"0\" cellpadding=\"0\" width=\"100%\" style=\"width:100%;\">\r\n<tr>\r\n\t\t\t\t<![endif]--><!-- [if mso]>\r\n<td valign=\"top\" width=\"600\" style=\"width:600px;\">\r\n\t\t\t\t<![endif]-->\r\n<table border=\"0\" width=\"100%\" cellspacing=\"0\" cellpadding=\"0\" align=\"left\">\r\n<tbody>\r\n<tr>\r\n<td valign=\"top\">\r\n<div>\r\n\r\nNikolai Kostirkin, editor of the news portal Gagauznews.md, which was previously blocked by the authorities, was detained by law enforcement officials on the morning of June 9 under suspicion of stirring up enmity and national division, reports the Prosecutor&#8217;s Office for Combating Organized Crime and Special Cases (PCCOCS). They conducted searches at the suspect&#8217;s home.\r\n\r\nAccording to an official statement issued by the PCCOCS, the investigation revealed that the suspect, under the state of emergency imposed in the context of the regional armed conflict in Ukraine, systematically published and disseminated propaganda justifying military aggression against Ukraine, as well as information and public speeches inciting hatred and war on the communication channels he managed and administered.\r\n\r\nProsecutors and officers searched the journalist&#8217;s home and seized objects and other items relevant to the case.\r\n\r\nThe source also states that action is to be taken to establish the entire circle of people who systematically spread biased and fabricated information among the public that instigates war.\r\n\r\n<\/div><\/td>\r\n<\/tr>\r\n<\/tbody>\r\n<\/table>\r\n<!-- [if mso]><\/td>\r\n<![endif]-->\r\n\r\n<!-- [if mso]><\/tr>\r\n<\/table>\r\n<![endif]--><\/td>\r\n<\/tr>\r\n<\/tbody>\r\n<\/table>\r\n<table border=\"0\" width=\"100%\" cellspacing=\"0\" cellpadding=\"0\">\r\n<tbody>\r\n<tr>\r\n<td valign=\"top\"><!-- [if mso]>\r\n<table align=\"left\" border=\"0\" cellspacing=\"0\" cellpadding=\"0\" width=\"100%\" style=\"width:100%;\">\r\n<tr>\r\n\t\t\t\t<![endif]--><!-- [if mso]>\r\n<td valign=\"top\" width=\"600\" style=\"width:600px;\">\r\n\t\t\t\t<![endif]-->\r\n<table border=\"0\" width=\"100%\" cellspacing=\"0\" cellpadding=\"0\" align=\"left\">\r\n<tbody>\r\n<tr>\r\n<td valign=\"top\">\r\n<h2><a href=\"https:\/\/media-azi.md\/cristian-rizea-obligat-de-instanta-sa-dezminta-informatiile-false-despre-jurnalista-mariana-rata\/\">Cristian Rizea forced by court to deny false information about journalist Mariana Rata<\/a><\/h2>\r\n<\/td>\r\n<\/tr>\r\n<\/tbody>\r\n<\/table>\r\n<!-- [if mso]><\/td>\r\n<![endif]-->\r\n\r\n<!-- [if mso]><\/tr>\r\n<\/table>\r\n<![endif]--><\/td>\r\n<\/tr>\r\n<\/tbody>\r\n<\/table>\r\n<table border=\"0\" width=\"100%\" cellspacing=\"0\" cellpadding=\"0\">\r\n<tbody>\r\n<tr>\r\n<td valign=\"top\">\r\n<table border=\"0\" width=\"100%\" cellspacing=\"0\" cellpadding=\"0\" align=\"left\">\r\n<tbody>\r\n<tr>\r\n<td valign=\"top\"><img decoding=\"async\" src=\"data:image\/gif;base64,R0lGODlhAQABAAAAACH5BAEKAAEALAAAAAABAAEAAAICTAEAOw==\" data-src=\"https:\/\/mcusercontent.com\/2fbb6e402472903faeb1aa6c4\/images\/fd987754-d12c-bb9f-f74b-70eb571071c8.png\" alt=\"\" width=\"564\" align=\"center\" class=\"lazyload\" \/><\/td>\r\n<\/tr>\r\n<\/tbody>\r\n<\/table>\r\n<\/td>\r\n<\/tr>\r\n<\/tbody>\r\n<\/table>\r\n<table border=\"0\" width=\"100%\" cellspacing=\"0\" cellpadding=\"0\">\r\n<tbody>\r\n<tr>\r\n<td valign=\"top\"><!-- [if mso]>\r\n<table align=\"left\" border=\"0\" cellspacing=\"0\" cellpadding=\"0\" width=\"100%\" style=\"width:100%;\">\r\n<tr>\r\n\t\t\t\t<![endif]--><!-- [if mso]>\r\n<td valign=\"top\" width=\"600\" style=\"width:600px;\">\r\n\t\t\t\t<![endif]-->\r\n<table border=\"0\" width=\"100%\" cellspacing=\"0\" cellpadding=\"0\" align=\"left\">\r\n<tbody>\r\n<tr>\r\n<td valign=\"top\">\r\n<div>\r\n\r\nThe politician Cristian Rizea, was forced by a June 22 decision of the Chisinau Centru District Court,&#8221;to deny the false and defamatory information, which harms the honor, dignity and professional reputation&#8221; of TV8 journalist Mariana Rata, according to TV8.md. The former Romanian MP, convicted of corruption, was also ordered to make a public apology for spreading false information and to pay moral damages in the amount of 1 leu.\r\n\r\nThe same court ordered Rizea to deny statements released in autumn 2021 on Instagram and his Youtube channel, and to delete old posts targeting the director of the &#8220;Black Box&#8221; and &#8220;Black Box PLUS&#8221; shows. Rizea is also to pay Mariana Rata legal costs of 776 lei. The judgment can be appealed to the Court of Appeal within 30 days.\r\n\r\n<\/div><\/td>\r\n<\/tr>\r\n<\/tbody>\r\n<\/table>\r\n<!-- [if mso]><\/td>\r\n<![endif]-->\r\n\r\n<!-- [if mso]><\/tr>\r\n<\/table>\r\n<![endif]--><\/td>\r\n<\/tr>\r\n<\/tbody>\r\n<\/table>\r\n<table border=\"0\" width=\"100%\" cellspacing=\"0\" cellpadding=\"0\">\r\n<tbody>\r\n<tr>\r\n<td valign=\"top\"><!-- [if mso]>\r\n<table align=\"left\" border=\"0\" cellspacing=\"0\" cellpadding=\"0\" width=\"100%\" style=\"width:100%;\">\r\n<tr>\r\n\t\t\t\t<![endif]--><!-- [if mso]>\r\n<td valign=\"top\" width=\"600\" style=\"width:600px;\">\r\n\t\t\t\t<![endif]-->\r\n<table border=\"0\" width=\"100%\" cellspacing=\"0\" cellpadding=\"0\" align=\"left\">\r\n<tbody>\r\n<tr>\r\n<td valign=\"top\">\r\n<h2><a href=\"https:\/\/mediacritica.md\/promo-lex-discursul-de-ura-mai-grav-in-contextul-razboiului-din-ucraina-presa-si-telegram-sunt-principalele-surse-de-raspandire-a-intolerantei\/\">Promo-LEX: Hate speech worse in the context of the war in Ukraine<\/a><\/h2>\r\n<\/td>\r\n<\/tr>\r\n<\/tbody>\r\n<\/table>\r\n<!-- [if mso]><\/td>\r\n<![endif]-->\r\n\r\n<!-- [if mso]><\/tr>\r\n<\/table>\r\n<![endif]--><\/td>\r\n<\/tr>\r\n<\/tbody>\r\n<\/table>\r\n<table border=\"0\" width=\"100%\" cellspacing=\"0\" cellpadding=\"0\">\r\n<tbody>\r\n<tr>\r\n<td valign=\"top\">\r\n<table border=\"0\" width=\"100%\" cellspacing=\"0\" cellpadding=\"0\" align=\"left\">\r\n<tbody>\r\n<tr>\r\n<td valign=\"top\"><img decoding=\"async\" src=\"data:image\/gif;base64,R0lGODlhAQABAAAAACH5BAEKAAEALAAAAAABAAEAAAICTAEAOw==\" data-src=\"https:\/\/mcusercontent.com\/2fbb6e402472903faeb1aa6c4\/images\/86d86e3f-8865-3f76-fd9c-deb8612b040e.jpg\" alt=\"\" width=\"564\" align=\"center\" class=\"lazyload\" \/><\/td>\r\n<\/tr>\r\n<\/tbody>\r\n<\/table>\r\n<\/td>\r\n<\/tr>\r\n<\/tbody>\r\n<\/table>\r\n<table border=\"0\" width=\"100%\" cellspacing=\"0\" cellpadding=\"0\">\r\n<tbody>\r\n<tr>\r\n<td valign=\"top\"><!-- [if mso]>\r\n<table align=\"left\" border=\"0\" cellspacing=\"0\" cellpadding=\"0\" width=\"100%\" style=\"width:100%;\">\r\n<tr>\r\n\t\t\t\t<![endif]--><!-- [if mso]>\r\n<td valign=\"top\" width=\"600\" style=\"width:600px;\">\r\n\t\t\t\t<![endif]-->\r\n<table border=\"0\" width=\"100%\" cellspacing=\"0\" cellpadding=\"0\" align=\"left\">\r\n<tbody>\r\n<tr>\r\n<td valign=\"top\">\r\n<div>\r\n\r\nIn the first two months of the state of emergency in Moldova caused by the Russian Federation&#8217;s war against Ukraine, 83 cases of hate speech and incitement to discrimination or other forms of intolerance in the public space and in the media have been identified. Of these, 38 percent were identified in print and online media and 31% in mobile apps, according to the Promo-LEX report &#8220;Hate Speech and Incitement to Discrimination&#8221; released on June 15.\r\n\r\nAccording to the cited source, during the monitored period (24 February &#8211; 24 April 2022) the number of hate speech reports increased, but no sanctions were recorded. The most common criterion for hate speech was nationality. Against the backdrop of the war in Ukraine and the wave of refugees, hate speech and incitement to discrimination or other forms of intolerance were directed against Ukrainians, including Ukrainian politicians, Ukrainian military members, refugees of different ethnicities, and by association, also against citizens of the United States of America and Romania, the report said.\r\n\r\nAt the same time, the LGBT community has been presented as one of the &#8220;causes&#8221; of the war, and the rhetoric of &#8220;traditional Orthodox values&#8221; has been repeated \u2013 two of the elements consistently used in hate speech over the past three years.\r\n\r\nAmong the main recommendations developed by Promo-LEX is that the Government should develop and implement an awareness and information campaign on preventing and combating war propaganda and hate speech. Moreover, the Press Council and media organizations should develop and adopt tools (guidelines or recommendations) to ensure that journalistic material is objective, does not amplify hate speech, and does not spread war propaganda.\r\n\r\n<\/div><\/td>\r\n<\/tr>\r\n<\/tbody>\r\n<\/table>\r\n<!-- [if mso]><\/td>\r\n<![endif]-->\r\n\r\n<!-- [if mso]><\/tr>\r\n<\/table>\r\n<![endif]--><\/td>\r\n<\/tr>\r\n<\/tbody>\r\n<\/table>\r\n<table border=\"0\" width=\"100%\" cellspacing=\"0\" cellpadding=\"0\">\r\n<tbody>\r\n<tr>\r\n<td valign=\"top\"><!-- [if mso]>\r\n<table align=\"left\" border=\"0\" cellspacing=\"0\" cellpadding=\"0\" width=\"100%\" style=\"width:100%;\">\r\n<tr>\r\n\t\t\t\t<![endif]--><!-- [if mso]>\r\n<td valign=\"top\" width=\"600\" style=\"width:600px;\">\r\n\t\t\t\t<![endif]-->\r\n<table border=\"0\" width=\"100%\" cellspacing=\"0\" cellpadding=\"0\" align=\"left\">\r\n<tbody>\r\n<tr>\r\n<td valign=\"top\">\r\n<h2><a href=\"https:\/\/media-azi.md\/are-republica-moldova-nevoie-de-un-comisar-pentru-informatie-opiniile-expertilor\/\">International conference in Chisinau: Does Moldova need an information commissioner?<\/a><\/h2>\r\n<\/td>\r\n<\/tr>\r\n<\/tbody>\r\n<\/table>\r\n<!-- [if mso]><\/td>\r\n<![endif]-->\r\n\r\n<!-- [if mso]><\/tr>\r\n<\/table>\r\n<![endif]--><\/td>\r\n<\/tr>\r\n<\/tbody>\r\n<\/table>\r\n<table border=\"0\" width=\"100%\" cellspacing=\"0\" cellpadding=\"0\">\r\n<tbody>\r\n<tr>\r\n<td valign=\"top\">\r\n<table border=\"0\" width=\"100%\" cellspacing=\"0\" cellpadding=\"0\" align=\"left\">\r\n<tbody>\r\n<tr>\r\n<td valign=\"top\"><img decoding=\"async\" src=\"data:image\/gif;base64,R0lGODlhAQABAAAAACH5BAEKAAEALAAAAAABAAEAAAICTAEAOw==\" data-src=\"https:\/\/mcusercontent.com\/2fbb6e402472903faeb1aa6c4\/images\/720ce10a-0ce5-5229-ff74-ba143aa4a2fe.jpg\" alt=\"\" width=\"564\" align=\"center\" class=\"lazyload\" \/><\/td>\r\n<\/tr>\r\n<\/tbody>\r\n<\/table>\r\n<\/td>\r\n<\/tr>\r\n<\/tbody>\r\n<\/table>\r\n<table border=\"0\" width=\"100%\" cellspacing=\"0\" cellpadding=\"0\">\r\n<tbody>\r\n<tr>\r\n<td valign=\"top\"><!-- [if mso]>\r\n<table align=\"left\" border=\"0\" cellspacing=\"0\" cellpadding=\"0\" width=\"100%\" style=\"width:100%;\">\r\n<tr>\r\n\t\t\t\t<![endif]--><!-- [if mso]>\r\n<td valign=\"top\" width=\"600\" style=\"width:600px;\">\r\n\t\t\t\t<![endif]-->\r\n<table border=\"0\" width=\"100%\" cellspacing=\"0\" cellpadding=\"0\" align=\"left\">\r\n<tbody>\r\n<tr>\r\n<td valign=\"top\">In the context of the drafting of a new law on access to information, the option of creating a specialized institution, such as an information commissioner, to ensure that the right to access to information is respected was discussed recently in Chisinau. The international conference &#8220;Effective implementation of the right to information: from a new law on access to information to institutional changes in the Republic of Moldova,&#8221; held in early June, was attended by European and local experts and representatives of several authorities. These included Helen Darbshire, Council of Europe, Dawid Sze\u015bci\u0142o, EU-Moldova Association Project, Dejan Milenkovi\u0107, University of Belgrade, Elona Hoxnaj, Office of the Commissioner for Information and Personal Data Protection of Albania, Liliana Rusu, Head of Policy Analysis, Monitoring and Evaluation Directorate of the Ministry of Justice, People&#8217;s Advocate Ceslav Panico, and Freedom House Representative in Moldova Tatiana Puiu. While some experts say the initiative is timely, others point out that the implementation of this goal is still a ways away.<\/td>\r\n<\/tr>\r\n<\/tbody>\r\n<\/table>\r\n<!-- [if mso]><\/td>\r\n<![endif]-->\r\n\r\n<!-- [if mso]><\/tr>\r\n<\/table>\r\n<![endif]--><\/td>\r\n<\/tr>\r\n<\/tbody>\r\n<\/table>\r\n<table border=\"0\" width=\"100%\" cellspacing=\"0\" cellpadding=\"0\">\r\n<tbody>\r\n<tr>\r\n<td valign=\"top\"><!-- [if mso]>\r\n<table align=\"left\" border=\"0\" cellspacing=\"0\" cellpadding=\"0\" width=\"100%\" style=\"width:100%;\">\r\n<tr>\r\n\t\t\t\t<![endif]--><!-- [if mso]>\r\n<td valign=\"top\" width=\"600\" style=\"width:600px;\">\r\n\t\t\t\t<![endif]-->\r\n<table border=\"0\" width=\"100%\" cellspacing=\"0\" cellpadding=\"0\" align=\"left\">\r\n<tbody>\r\n<tr>\r\n<td valign=\"top\">\r\n<h2><a href=\"https:\/\/mediacritica.md\/facebook-a-inlaturat-o-postare-a-primarului-chisinaului-ion-ceban-pentru-folosirea-limbajului-urii\/\">Facebook removed a post by Chisinau Mayor Ion Ceban for using &#8220;hate speech&#8221;<\/a><\/h2>\r\n<\/td>\r\n<\/tr>\r\n<\/tbody>\r\n<\/table>\r\n<!-- [if mso]><\/td>\r\n<![endif]-->\r\n\r\n<!-- [if mso]><\/tr>\r\n<\/table>\r\n<![endif]--><\/td>\r\n<\/tr>\r\n<\/tbody>\r\n<\/table>\r\n<table border=\"0\" width=\"100%\" cellspacing=\"0\" cellpadding=\"0\">\r\n<tbody>\r\n<tr>\r\n<td valign=\"top\">\r\n<table border=\"0\" width=\"100%\" cellspacing=\"0\" cellpadding=\"0\" align=\"left\">\r\n<tbody>\r\n<tr>\r\n<td valign=\"top\"><img decoding=\"async\" src=\"data:image\/gif;base64,R0lGODlhAQABAAAAACH5BAEKAAEALAAAAAABAAEAAAICTAEAOw==\" data-src=\"https:\/\/mcusercontent.com\/2fbb6e402472903faeb1aa6c4\/images\/e4c8c8af-b873-3d03-83d0-440e363dcde4.jpg\" alt=\"\" width=\"564\" align=\"center\" class=\"lazyload\" \/><\/td>\r\n<\/tr>\r\n<\/tbody>\r\n<\/table>\r\n<\/td>\r\n<\/tr>\r\n<\/tbody>\r\n<\/table>\r\n<table border=\"0\" width=\"100%\" cellspacing=\"0\" cellpadding=\"0\">\r\n<tbody>\r\n<tr>\r\n<td valign=\"top\"><!-- [if mso]>\r\n<table align=\"left\" border=\"0\" cellspacing=\"0\" cellpadding=\"0\" width=\"100%\" style=\"width:100%;\">\r\n<tr>\r\n\t\t\t\t<![endif]--><!-- [if mso]>\r\n<td valign=\"top\" width=\"600\" style=\"width:600px;\">\r\n\t\t\t\t<![endif]-->\r\n<table border=\"0\" width=\"100%\" cellspacing=\"0\" cellpadding=\"0\" align=\"left\">\r\n<tbody>\r\n<tr>\r\n<td valign=\"top\">\r\n<div>\r\n\r\nThe May 31 post by the mayor of Chisinau, Ion Ceban, which aimed to ban the march in support of the LGBT community in Chisinau, has been removed by the company Meta from the social media platform Facebook. Meta removed the post, because it violated the network&#8217;s policies on promoting &#8220;hate speech,&#8221; reports Radio Free Europe. This is the first known case of Meta removing a post of a Moldovan politician, the article said.\r\n\r\nThe removal of the mayor&#8217;s post was confirmed by a Meta spokeswoman: &#8220;We have removed this post for violating our anti-hate speech policy, namely because the post excludes a protected feature.&#8221;\r\n\r\nThe source notes that &#8220;protected characteristics&#8221; include age, disability, gender reassignment, marriage and civil partnership, pregnancy and maternity, race, religion or denomination, gender and sexual orientation. Facebook&#8217;s policies also prohibit the use of hate speech defined as a &#8220;direct attack on people&#8221; based on protected characteristics.\r\n\r\n<\/div><\/td>\r\n<\/tr>\r\n<\/tbody>\r\n<\/table>\r\n<!-- [if mso]><\/td>\r\n<![endif]-->\r\n\r\n<!-- [if mso]><\/tr>\r\n<\/table>\r\n<![endif]--><\/td>\r\n<\/tr>\r\n<\/tbody>\r\n<\/table>\r\n<table border=\"0\" width=\"100%\" cellspacing=\"0\" cellpadding=\"0\">\r\n<tbody>\r\n<tr>\r\n<td valign=\"top\"><!-- [if mso]>\r\n<table align=\"left\" border=\"0\" cellspacing=\"0\" cellpadding=\"0\" width=\"100%\" style=\"width:100%;\">\r\n<tr>\r\n\t\t\t\t<![endif]--><!-- [if mso]>\r\n<td valign=\"top\" width=\"600\" style=\"width:600px;\">\r\n\t\t\t\t<![endif]-->\r\n<table border=\"0\" width=\"100%\" cellspacing=\"0\" cellpadding=\"0\" align=\"left\">\r\n<tbody>\r\n<tr>\r\n<td valign=\"top\">\r\n<h2><a href=\"https:\/\/media-azi.md\/victoria-coroban-despre-demisia-din-functia-de-directoare-a-radio-moldova-sunt-prea-mari-diferentele-de-viziune-intre-mine-si-directorul-general\/\">Victoria Coroban has resigned as director of Radio Moldova: The differences in vision between me and the director general are too great<\/a><\/h2>\r\n<\/td>\r\n<\/tr>\r\n<\/tbody>\r\n<\/table>\r\n<!-- [if mso]><\/td>\r\n<![endif]-->\r\n\r\n<!-- [if mso]><\/tr>\r\n<\/table>\r\n<![endif]--><\/td>\r\n<\/tr>\r\n<\/tbody>\r\n<\/table>\r\n<table border=\"0\" width=\"100%\" cellspacing=\"0\" cellpadding=\"0\">\r\n<tbody>\r\n<tr>\r\n<td valign=\"top\">\r\n<table border=\"0\" width=\"100%\" cellspacing=\"0\" cellpadding=\"0\" align=\"left\">\r\n<tbody>\r\n<tr>\r\n<td valign=\"top\"><img decoding=\"async\" src=\"data:image\/gif;base64,R0lGODlhAQABAAAAACH5BAEKAAEALAAAAAABAAEAAAICTAEAOw==\" data-src=\"https:\/\/mcusercontent.com\/2fbb6e402472903faeb1aa6c4\/images\/dd58e6b8-7661-b18f-5405-8f75a62822a1.jpg\" alt=\"\" width=\"NaN\" align=\"center\" class=\"lazyload\" \/><\/td>\r\n<\/tr>\r\n<\/tbody>\r\n<\/table>\r\n<\/td>\r\n<\/tr>\r\n<\/tbody>\r\n<\/table>\r\n<table border=\"0\" width=\"100%\" cellspacing=\"0\" cellpadding=\"0\">\r\n<tbody>\r\n<tr>\r\n<td valign=\"top\"><!-- [if mso]>\r\n<table align=\"left\" border=\"0\" cellspacing=\"0\" cellpadding=\"0\" width=\"100%\" style=\"width:100%;\">\r\n<tr>\r\n\t\t\t\t<![endif]--><!-- [if mso]>\r\n<td valign=\"top\" width=\"600\" style=\"width:600px;\">\r\n\t\t\t\t<![endif]-->\r\n<table border=\"0\" width=\"100%\" cellspacing=\"0\" cellpadding=\"0\" align=\"left\">\r\n<tbody>\r\n<tr>\r\n<td valign=\"top\">Differing management visions and disagreements over some of the topics broadcast on the radio are said to be the reasons that led journalist Victoria Coroban to resign as director of the public broadcaster Radio Moldova after half a year on the job.\r\n\r\n&#8220;The main problem is the great differences in the management visions in terms of managing teams we have with the general director, given the complicated working conditions there. I am a believer in communication, team cooperation, encouraging people, supporting them, giving them guidance. Here our perspectives are also different,&#8221; said Victoria Coroban.\r\n\r\nThe former deputy director-general believes that reforming public radio requires &#8220;a lot of fresh forces on the team, for whom the rules and principles of journalism are a matter of course,&#8221; as well as more of a &#8220;professional culture.&#8221; Coroban added, &#8220;Somewhere along the way this approach, these values of accuracy, balance, precision &#8211; the basic rules of journalism &#8211; have been lost.&#8221;\r\n\r\nAsked by IJC&#8217;s Media Azi portal to comment on the journalist&#8217;s departure, TRM&#8217;s General Director Vlad Turcanu refused to give a reaction on the grounds that he did not want to discuss with the press &#8220;the internal debates we have at Teleradio-Moldova.&#8221;<\/td>\r\n<\/tr>\r\n<\/tbody>\r\n<\/table>\r\n<!-- [if mso]><\/td>\r\n<![endif]-->\r\n\r\n<!-- [if mso]><\/tr>\r\n<\/table>\r\n<![endif]--><\/td>\r\n<\/tr>\r\n<\/tbody>\r\n<\/table>\r\n<table border=\"0\" width=\"100%\" cellspacing=\"0\" cellpadding=\"0\">\r\n<tbody>\r\n<tr>\r\n<td valign=\"top\"><!-- [if mso]>\r\n<table align=\"left\" border=\"0\" cellspacing=\"0\" cellpadding=\"0\" width=\"100%\" style=\"width:100%;\">\r\n<tr>\r\n\t\t\t\t<![endif]--><!-- [if mso]>\r\n<td valign=\"top\" width=\"600\" style=\"width:600px;\">\r\n\t\t\t\t<![endif]-->\r\n<table border=\"0\" width=\"100%\" cellspacing=\"0\" cellpadding=\"0\" align=\"left\">\r\n<tbody>\r\n<tr>\r\n<td valign=\"top\">\r\n<h2><a href=\"https:\/\/media-azi.md\/este-o-prioritate-sa-parasim-casa-radio-directorul-general-al-trm-vlad-turcanu-despre-planurile-de-reformare-a-companiei\/\">&#8220;It is a priority to leave the Radio House.&#8221; TRM director general on plans to reform the company<\/a><\/h2>\r\n<\/td>\r\n<\/tr>\r\n<\/tbody>\r\n<\/table>\r\n<!-- [if mso]><\/td>\r\n<![endif]-->\r\n\r\n<!-- [if mso]><\/tr>\r\n<\/table>\r\n<![endif]--><\/td>\r\n<\/tr>\r\n<\/tbody>\r\n<\/table>\r\n<table border=\"0\" width=\"100%\" cellspacing=\"0\" cellpadding=\"0\">\r\n<tbody>\r\n<tr>\r\n<td valign=\"top\">\r\n<table border=\"0\" width=\"100%\" cellspacing=\"0\" cellpadding=\"0\" align=\"left\">\r\n<tbody>\r\n<tr>\r\n<td valign=\"top\"><img decoding=\"async\" src=\"data:image\/gif;base64,R0lGODlhAQABAAAAACH5BAEKAAEALAAAAAABAAEAAAICTAEAOw==\" data-src=\"https:\/\/mcusercontent.com\/2fbb6e402472903faeb1aa6c4\/images\/8c187b57-f0da-bdbb-075b-8f9e7509487a.png\" alt=\"\" width=\"564\" align=\"center\" class=\"lazyload\" \/><\/td>\r\n<\/tr>\r\n<\/tbody>\r\n<\/table>\r\n<\/td>\r\n<\/tr>\r\n<\/tbody>\r\n<\/table>\r\n<table border=\"0\" width=\"100%\" cellspacing=\"0\" cellpadding=\"0\">\r\n<tbody>\r\n<tr>\r\n<td valign=\"top\"><!-- [if mso]>\r\n<table align=\"left\" border=\"0\" cellspacing=\"0\" cellpadding=\"0\" width=\"100%\" style=\"width:100%;\">\r\n<tr>\r\n\t\t\t\t<![endif]--><!-- [if mso]>\r\n<td valign=\"top\" width=\"600\" style=\"width:600px;\">\r\n\t\t\t\t<![endif]-->\r\n<table border=\"0\" width=\"100%\" cellspacing=\"0\" cellpadding=\"0\" align=\"left\">\r\n<tbody>\r\n<tr>\r\n<td valign=\"top\">Abandoning the Radio House building due to high maintenance costs is said to be among the options being considered by TRM management when it comes to reforming the institution. TRM Director General Vlad Turcanu spoke to members of the Supervisory and Development Board (SDB) half a year after taking office about the difficulties faced by the team and the solutions available to improve the situation.\r\n\r\nAmong the problems he found when he took office were the editorial policy of the media services, the fact that the institution &#8220;was politically manipulated,&#8221; and that the institution was &#8220;underfunded.&#8221;\r\n\r\nWith respect to infrastructure, he pointed out that both Mesager studios and other TV premises are in &#8220;unfit&#8221; conditions, even though a large part of the budget allocated by Parliament goes to the maintenance of the premises.\r\n\r\n&#8220;In broadcasting, in the winter months, we pay 30,000 euros a month for maintenance. So it is a priority to leave the Radio House, to sell it or to give it to the state in order to optimize the premises, which should have been done at least two decades ago,&#8221; said Turcanu.\r\n\r\nIf the property were to be sold, the company would get around 15 million euros, money that could be allocated to development, says the TRM general director.<\/td>\r\n<\/tr>\r\n<\/tbody>\r\n<\/table>\r\n<!-- [if mso]><\/td>\r\n<![endif]-->\r\n\r\n<!-- [if mso]><\/tr>\r\n<\/table>\r\n<![endif]--><\/td>\r\n<\/tr>\r\n<\/tbody>\r\n<\/table>\r\n<table border=\"0\" width=\"100%\" cellspacing=\"0\" cellpadding=\"0\">\r\n<tbody>\r\n<tr>\r\n<td valign=\"top\"><!-- [if mso]>\r\n<table align=\"left\" border=\"0\" cellspacing=\"0\" cellpadding=\"0\" width=\"100%\" style=\"width:100%;\">\r\n<tr>\r\n\t\t\t\t<![endif]--><!-- [if mso]>\r\n<td valign=\"top\" width=\"600\" style=\"width:600px;\">\r\n\t\t\t\t<![endif]-->\r\n<table border=\"0\" width=\"100%\" cellspacing=\"0\" cellpadding=\"0\" align=\"left\">\r\n<tbody>\r\n<tr>\r\n<td valign=\"top\">\r\n<h2><a href=\"https:\/\/media-azi.md\/buletine-de-stiri-trase-la-indigo-pe-primul-in-moldova-si-ntv-moldova-precum-si-la-doua-posturi-ale-gmg-cum-explica-reprezentantii-televiziunilor\/\">The same news bulletins on Primul in Moldova and NTV Moldova, as well as on two GMG stations. Media expert: &#8220;It&#8217;s an anomaly&#8221;<\/a><\/h2>\r\n&nbsp;\r\n\r\n<style media=\"print\" type=\"text\/css\">#s3gt_translate_tooltip_mini { display: none !important; }<br \/><\/style>&nbsp;<\/td>\r\n<\/tr>\r\n<\/tbody>\r\n<\/table>\r\n<!-- [if mso]><\/td>\r\n<![endif]-->\r\n\r\n<!-- [if mso]><\/tr>\r\n<\/table>\r\n<![endif]--><\/td>\r\n<\/tr>\r\n<\/tbody>\r\n<\/table>\r\n<table border=\"0\" width=\"100%\" cellspacing=\"0\" cellpadding=\"0\">\r\n<tbody>\r\n<tr>\r\n<td valign=\"top\">\r\n<table border=\"0\" width=\"100%\" cellspacing=\"0\" cellpadding=\"0\" align=\"left\">\r\n<tbody>\r\n<tr>\r\n<td valign=\"top\"><img decoding=\"async\" src=\"data:image\/gif;base64,R0lGODlhAQABAAAAACH5BAEKAAEALAAAAAABAAEAAAICTAEAOw==\" data-src=\"https:\/\/mcusercontent.com\/2fbb6e402472903faeb1aa6c4\/images\/3cb51d4a-cccd-4810-d33b-6b8655c2ec01.jpg\" alt=\"\" width=\"564\" align=\"center\" class=\"lazyload\" \/><\/td>\r\n<\/tr>\r\n<\/tbody>\r\n<\/table>\r\n<\/td>\r\n<\/tr>\r\n<\/tbody>\r\n<\/table>\r\n<table border=\"0\" width=\"100%\" cellspacing=\"0\" cellpadding=\"0\">\r\n<tbody>\r\n<tr>\r\n<td valign=\"top\"><!-- [if mso]>\r\n<table align=\"left\" border=\"0\" cellspacing=\"0\" cellpadding=\"0\" width=\"100%\" style=\"width:100%;\">\r\n<tr>\r\n\t\t\t\t<![endif]--><!-- [if mso]>\r\n<td valign=\"top\" width=\"600\" style=\"width:600px;\">\r\n\t\t\t\t<![endif]-->\r\n<table border=\"0\" width=\"100%\" cellspacing=\"0\" cellpadding=\"0\" align=\"left\">\r\n<tbody>\r\n<tr>\r\n<td valign=\"top\">\r\n<div>\r\n\r\nRecently, television stations Primul in Moldova and NTV Moldova have been broadcasting either simultaneously or at different times the same news bulletins presented by the same moderators. A similar situation can be seen on Publika TV and Prime TV. The channels&#8217; representatives attribute this to a reduction in revenue.\r\n\r\nOn May 31, some Primul in Moldova journalists announced on social networks that the last news bulletin would be broadcast on that day.\u00a0 At the same time, both on the official website of the channel and on social media pages, the last news bulletin is dated May 31.\r\n\r\nAccording to the observations of Media Azi reporters, the news broadcasted later by Primul in Moldova is similar to that of NTV Moldova and is presented by the same moderators. although each channel kept its own logo, the microphone in the hands of the reporters was that of NTV Moldova in both cases.\r\n\r\nPreviously, a similar situation was observed at Prime TV and Publika TV. Both TV stations are still owned by former Democratic leader Vladimir Plahotniuc and managed by General Media Group Corp (GMG).\r\n\r\nThe Executive Director of the Electronic Press Association (APEL), Ion Bunduchi, believes that &#8220;in the whole good world this is an anomaly.&#8221; The expert believes that the primary aim of audiovisual legislation is to broaden pluralism in broadcasting. &#8220;Any attempt, knowingly or unknowingly, to restrict diversity\/pluralism, in my opinion, goes against the spirit of the law,&#8221; he concluded.\r\n\r\nWhen asked about the reasons for these decisions, the administrator of Primul in Moldova, Stanislav Vijga, told Media Azi that the TV station&#8217;s activity was endangered due to the effects of the regional crisis on the advertising market and that the station is restructuring in order to increase its own broadcasts.\r\n\r\nGMG representatives also cited a reduction in advertising as the reason. &#8220;Due to the crisis in the regional advertising market and the decision of some companies to stop placing advertising in news programs, Publika TV has reduced the volume of original programming and is taking over news programs from other TV stations,&#8221; Ana Butnariuc, editor-in-chief of General Media Group, told Media Azi.\r\n\r\n<\/div><\/td>\r\n<\/tr>\r\n<\/tbody>\r\n<\/table>\r\n<!-- [if mso]><\/td>\r\n<![endif]-->\r\n\r\n<!-- [if mso]><\/tr>\r\n<\/table>\r\n<![endif]--><\/td>\r\n<\/tr>\r\n<\/tbody>\r\n<\/table>\r\n<table border=\"0\" width=\"100%\" cellspacing=\"0\" cellpadding=\"0\">\r\n<tbody>\r\n<tr>\r\n<td valign=\"top\"><!-- [if mso]>\r\n<table align=\"left\" border=\"0\" cellspacing=\"0\" cellpadding=\"0\" width=\"100%\" style=\"width:100%;\">\r\n<tr>\r\n\t\t\t\t<![endif]--><!-- [if mso]>\r\n<td valign=\"top\" width=\"600\" style=\"width:600px;\">\r\n\t\t\t\t<![endif]-->\r\n<table border=\"0\" width=\"100%\" cellspacing=\"0\" cellpadding=\"0\" align=\"left\">\r\n<tbody>\r\n<tr>\r\n<td valign=\"top\">\r\n<h2><a href=\"https:\/\/mediacritica.md\/consiliului-de-presa-face-apel-catre-jurnalisti-sa-respecte-demnitatea-umana-inclusiv-a-persoanelor-decedate\/\">Press Council calls on journalists to respect human dignity, including that of the deceased<\/a><\/h2>\r\n<\/td>\r\n<\/tr>\r\n<\/tbody>\r\n<\/table>\r\n<!-- [if mso]><\/td>\r\n<![endif]-->\r\n\r\n<!-- [if mso]><\/tr>\r\n<\/table>\r\n<![endif]--><\/td>\r\n<\/tr>\r\n<\/tbody>\r\n<\/table>\r\n<table border=\"0\" width=\"100%\" cellspacing=\"0\" cellpadding=\"0\">\r\n<tbody>\r\n<tr>\r\n<td valign=\"top\">\r\n<table border=\"0\" width=\"100%\" cellspacing=\"0\" cellpadding=\"0\" align=\"left\">\r\n<tbody>\r\n<tr>\r\n<td valign=\"top\"><img decoding=\"async\" src=\"data:image\/gif;base64,R0lGODlhAQABAAAAACH5BAEKAAEALAAAAAABAAEAAAICTAEAOw==\" data-src=\"https:\/\/mcusercontent.com\/2fbb6e402472903faeb1aa6c4\/images\/77ad48aa-0607-71d3-6d97-a7332d13afed.jpg\" alt=\"\" width=\"564\" align=\"center\" class=\"lazyload\" \/><\/td>\r\n<\/tr>\r\n<\/tbody>\r\n<\/table>\r\n<\/td>\r\n<\/tr>\r\n<\/tbody>\r\n<\/table>\r\n<table border=\"0\" width=\"100%\" cellspacing=\"0\" cellpadding=\"0\">\r\n<tbody>\r\n<tr>\r\n<td valign=\"top\"><!-- [if mso]>\r\n<table align=\"left\" border=\"0\" cellspacing=\"0\" cellpadding=\"0\" width=\"100%\" style=\"width:100%;\">\r\n<tr>\r\n\t\t\t\t<![endif]--><!-- [if mso]>\r\n<td valign=\"top\" width=\"600\" style=\"width:600px;\">\r\n\t\t\t\t<![endif]-->\r\n<table border=\"0\" width=\"100%\" cellspacing=\"0\" cellpadding=\"0\" align=\"left\">\r\n<tbody>\r\n<tr>\r\n<td valign=\"top\">\r\n<div>\r\n\r\nIn a June 29 press release, the Press Council of Moldova draws the attention of media outlets to their responsibility to respect the right to privacy and human dignity, including in the case of deceased persons. The call comes in the context of a wave of news reports about the death of Russian performer Yuri Shatunov and his funeral.\r\n\r\nSeveral news outlets have included in their news reports images taken by CCTV cameras showing the performer in a moment of extreme distress, shortly after his heart attack which was later discovered by doctors. Some media outlets continued to cover the story in a sensationalist manner in the following days, as they published unblurred images of the artist&#8217;s body.\r\n\r\nAccording to the Press Council, broadcasting explicit images of a person in agony in no way respects the right to privacy and human dignity, and the publication of unblurred images of the body, when they do not serve the public interest, is an unacceptable journalistic practice.\r\n\r\n<\/div><\/td>\r\n<\/tr>\r\n<\/tbody>\r\n<\/table>\r\n<!-- [if mso]><\/td>\r\n<![endif]-->\r\n\r\n<!-- [if mso]><\/tr>\r\n<\/table>\r\n<![endif]--><\/td>\r\n<\/tr>\r\n<\/tbody>\r\n<\/table>\r\n<table border=\"0\" width=\"100%\" cellspacing=\"0\" cellpadding=\"0\">\r\n<tbody>\r\n<tr>\r\n<td valign=\"top\"><!-- [if mso]>\r\n<table align=\"left\" border=\"0\" cellspacing=\"0\" cellpadding=\"0\" width=\"100%\" style=\"width:100%;\">\r\n<tr>\r\n\t\t\t\t<![endif]--><!-- [if mso]>\r\n<td valign=\"top\" width=\"600\" style=\"width:600px;\">\r\n\t\t\t\t<![endif]-->\r\n<table border=\"0\" width=\"100%\" cellspacing=\"0\" cellpadding=\"0\" align=\"left\">\r\n<tbody>\r\n<tr>\r\n<td valign=\"top\">\r\n<h2><a href=\"https:\/\/media-azi.md\/chestionar-media-azi-este-semnatura-electronica-un-impediment-in-obtinerea-informatiilor-de-interes-public-raspunsurile-jurnalistilor\/\">Questionnaire Media Azi \/\/ Is the electronic signature an impediment to obtaining information of public interest?<\/a><\/h2>\r\n<\/td>\r\n<\/tr>\r\n<\/tbody>\r\n<\/table>\r\n<!-- [if mso]><\/td>\r\n<![endif]-->\r\n\r\n<!-- [if mso]><\/tr>\r\n<\/table>\r\n<![endif]--><\/td>\r\n<\/tr>\r\n<\/tbody>\r\n<\/table>\r\n<table border=\"0\" width=\"100%\" cellspacing=\"0\" cellpadding=\"0\">\r\n<tbody>\r\n<tr>\r\n<td valign=\"top\">\r\n<table border=\"0\" width=\"100%\" cellspacing=\"0\" cellpadding=\"0\" align=\"left\">\r\n<tbody>\r\n<tr>\r\n<td valign=\"top\"><img decoding=\"async\" src=\"data:image\/gif;base64,R0lGODlhAQABAAAAACH5BAEKAAEALAAAAAABAAEAAAICTAEAOw==\" data-src=\"https:\/\/mcusercontent.com\/2fbb6e402472903faeb1aa6c4\/images\/79e3de62-ca18-dc47-8b1e-1557c64228bd.jpg\" alt=\"\" width=\"480\" align=\"center\" class=\"lazyload\" \/><\/td>\r\n<\/tr>\r\n<\/tbody>\r\n<\/table>\r\n<\/td>\r\n<\/tr>\r\n<\/tbody>\r\n<\/table>\r\n<table border=\"0\" width=\"100%\" cellspacing=\"0\" cellpadding=\"0\">\r\n<tbody>\r\n<tr>\r\n<td valign=\"top\"><!-- [if mso]>\r\n<table align=\"left\" border=\"0\" cellspacing=\"0\" cellpadding=\"0\" width=\"100%\" style=\"width:100%;\">\r\n<tr>\r\n\t\t\t\t<![endif]--><!-- [if mso]>\r\n<td valign=\"top\" width=\"600\" style=\"width:600px;\">\r\n\t\t\t\t<![endif]-->\r\n<table border=\"0\" width=\"100%\" cellspacing=\"0\" cellpadding=\"0\" align=\"left\">\r\n<tbody>\r\n<tr>\r\n<td valign=\"top\">\r\n<div>\r\n\r\nThe electronic signature is an impediment to accessing public information only &#8220;in some cases,&#8221; according to a questionnaire distributed by Media Azi portal to journalists in several newsrooms.\r\n\r\nAccording to their answers, half of the respondents have an electronic signature (52 percent), of which six said they had never used it to sign requests for information. Some specified that they use it to sign tax returns, and others said they send requests by e-mail without a signature.\r\n\r\nSome respondents mention that they do not have time to sign electronically. Among other reasons for not using e-signatures, seven respondents mentioned the cumbersome procedure for obtaining them, and four said they did not see the need for them. Another eight respondents replied that they use it as needed.\r\n\r\nOf the respondents to the survey, 70 percent say that e-signatures are an impediment to accessing public information &#8220;in some cases.&#8221; On the other hand, seven journalists answered that they &#8220;never&#8221; used it, while one respondent ticked the option &#8220;all the time.&#8221;\r\n\r\nIn total, twenty-six representatives of media institutions from the editorial offices of Albasat TV, Radio Moldova, the Independent Press Association, the CU SENS media project, the Journalistic Investigation Centre and Expresul.md, Realitatea.md, Jurnal TV, MoldovaCurata.md, Moldova.org, Newsmaker.md, Rise.md, Europaliber\u0103.org, Sor TV and Radio Soroca, S\u0103n\u0103tateINFO.md, Tuk.md, TVR Moldova, Ziarul de Garda, Zonadesecuritate.md, Nokta.md, and Esp.md responded to the IJC questions.\r\n\r\n<\/div><\/td>\r\n<\/tr>\r\n<\/tbody>\r\n<\/table>\r\n<!-- [if mso]><\/td>\r\n<![endif]-->\r\n\r\n<!-- [if mso]><\/tr>\r\n<\/table>\r\n<![endif]--><\/td>\r\n<\/tr>\r\n<\/tbody>\r\n<\/table>\r\n<table border=\"0\" width=\"100%\" cellspacing=\"0\" cellpadding=\"0\">\r\n<tbody>\r\n<tr>\r\n<td valign=\"top\"><!-- [if mso]>\r\n<table align=\"left\" border=\"0\" cellspacing=\"0\" cellpadding=\"0\" width=\"100%\" style=\"width:100%;\">\r\n<tr>\r\n\t\t\t\t<![endif]--><!-- [if mso]>\r\n<td valign=\"top\" width=\"600\" style=\"width:600px;\">\r\n\t\t\t\t<![endif]-->\r\n<table border=\"0\" width=\"100%\" cellspacing=\"0\" cellpadding=\"0\" align=\"left\">\r\n<tbody>\r\n<tr>\r\n<td valign=\"top\">\r\n<h2><a href=\"https:\/\/media-azi.md\/cmc-a-aprobat-proiectul-de-decizie-care-prevede-utilizarea-toponimicului-chisinau-de-catre-postul-radio-chisinau\/\">CMC approved the draft decision providing for the use of the toponym &#8220;Chisinau&#8221; by Radio Chisinau<\/a><\/h2>\r\n<\/td>\r\n<\/tr>\r\n<\/tbody>\r\n<\/table>\r\n<!-- [if mso]><\/td>\r\n<![endif]-->\r\n\r\n<!-- [if mso]><\/tr>\r\n<\/table>\r\n<![endif]--><\/td>\r\n<\/tr>\r\n<\/tbody>\r\n<\/table>\r\n<table border=\"0\" width=\"100%\" cellspacing=\"0\" cellpadding=\"0\">\r\n<tbody>\r\n<tr>\r\n<td valign=\"top\">\r\n<table border=\"0\" width=\"100%\" cellspacing=\"0\" cellpadding=\"0\" align=\"left\">\r\n<tbody>\r\n<tr>\r\n<td valign=\"top\"><img decoding=\"async\" src=\"data:image\/gif;base64,R0lGODlhAQABAAAAACH5BAEKAAEALAAAAAABAAEAAAICTAEAOw==\" data-src=\"https:\/\/mcusercontent.com\/2fbb6e402472903faeb1aa6c4\/images\/9063e685-9383-a4be-6ae4-f31f2d39b398.jpg\" alt=\"\" width=\"564\" align=\"center\" class=\"lazyload\" \/><\/td>\r\n<\/tr>\r\n<\/tbody>\r\n<\/table>\r\n<\/td>\r\n<\/tr>\r\n<\/tbody>\r\n<\/table>\r\n<table border=\"0\" width=\"100%\" cellspacing=\"0\" cellpadding=\"0\">\r\n<tbody>\r\n<tr>\r\n<td valign=\"top\"><!-- [if mso]>\r\n<table align=\"left\" border=\"0\" cellspacing=\"0\" cellpadding=\"0\" width=\"100%\" style=\"width:100%;\">\r\n<tr>\r\n\t\t\t\t<![endif]--><!-- [if mso]>\r\n<td valign=\"top\" width=\"600\" style=\"width:600px;\">\r\n\t\t\t\t<![endif]-->\r\n<table border=\"0\" width=\"100%\" cellspacing=\"0\" cellpadding=\"0\" align=\"left\">\r\n<tbody>\r\n<tr>\r\n<td valign=\"top\">\r\n<div>\r\n\r\nRadio Chisinau (Romania branch) will be able to use the toponym Chisinau in its name for the next ten years, writes Radiochisinau.md. The Chisinau Municipal Council (CMC) made this decision on June 14, after the same council had previously denied Radio Chisinau this right.\r\n\r\nThe source notes that the decision was taken by 26 votes out of 51. According to Radio Chisinau, 10 councilors from the DA Platform, 5 from the Action and Solidarity Party, 3 from the Liberal Party, as well as one each from the National Unity Party and the Democratic Party voted for the decision. Also four unaffiliated councilors and two from the Party of Socialists (PSRM) voted in favor of the decision. Conversely, fourteen PSRM councilors voted against it. Councilors from the Shor Party and the Communist Party were not present at the meeting.\r\n\r\n<\/div><\/td>\r\n<\/tr>\r\n<\/tbody>\r\n<\/table>\r\n<!-- [if mso]><\/td>\r\n<![endif]-->\r\n\r\n<!-- [if mso]><\/tr>\r\n<\/table>\r\n<![endif]--><\/td>\r\n<\/tr>\r\n<\/tbody>\r\n<\/table>\r\n<table border=\"0\" width=\"100%\" cellspacing=\"0\" cellpadding=\"0\">\r\n<tbody>\r\n<tr>\r\n<td valign=\"top\"><!-- [if mso]>\r\n<table align=\"left\" border=\"0\" cellspacing=\"0\" cellpadding=\"0\" width=\"100%\" style=\"width:100%;\">\r\n<tr>\r\n\t\t\t\t<![endif]--><!-- [if mso]>\r\n<td valign=\"top\" width=\"600\" style=\"width:600px;\">\r\n\t\t\t\t<![endif]-->\r\n<table border=\"0\" width=\"100%\" cellspacing=\"0\" cellpadding=\"0\" align=\"left\">\r\n<tbody>\r\n<tr>\r\n<td valign=\"top\">\r\n<h1>Media Legislation<\/h1>\r\n<\/td>\r\n<\/tr>\r\n<\/tbody>\r\n<\/table>\r\n<!-- [if mso]><\/td>\r\n<![endif]-->\r\n\r\n<!-- [if mso]><\/tr>\r\n<\/table>\r\n<![endif]--><\/td>\r\n<\/tr>\r\n<\/tbody>\r\n<\/table>\r\n<table border=\"0\" width=\"100%\" cellspacing=\"0\" cellpadding=\"0\">\r\n<tbody>\r\n<tr>\r\n<td valign=\"top\"><!-- [if mso]>\r\n<table align=\"left\" border=\"0\" cellspacing=\"0\" cellpadding=\"0\" width=\"100%\" style=\"width:100%;\">\r\n<tr>\r\n\t\t\t\t<![endif]--><!-- [if mso]>\r\n<td valign=\"top\" width=\"600\" style=\"width:600px;\">\r\n\t\t\t\t<![endif]-->\r\n<table border=\"0\" width=\"100%\" cellspacing=\"0\" cellpadding=\"0\" align=\"left\">\r\n<tbody>\r\n<tr>\r\n<td valign=\"top\">\r\n<h2><a href=\"https:\/\/media-azi.md\/en\/the-parliament-votes-amendments-on-countering-audiovisual-misinformation-in-the-final-reading-opinions\/\">Parliament voted in final reading on amendments aimed at countering disinformation in broadcasting<\/a><\/h2>\r\n<\/td>\r\n<\/tr>\r\n<\/tbody>\r\n<\/table>\r\n<!-- [if mso]><\/td>\r\n<![endif]-->\r\n\r\n<!-- [if mso]><\/tr>\r\n<\/table>\r\n<![endif]--><\/td>\r\n<\/tr>\r\n<\/tbody>\r\n<\/table>\r\n<table border=\"0\" width=\"100%\" cellspacing=\"0\" cellpadding=\"0\">\r\n<tbody>\r\n<tr>\r\n<td valign=\"top\">\r\n<table border=\"0\" width=\"100%\" cellspacing=\"0\" cellpadding=\"0\" align=\"left\">\r\n<tbody>\r\n<tr>\r\n<td valign=\"top\"><img decoding=\"async\" src=\"data:image\/gif;base64,R0lGODlhAQABAAAAACH5BAEKAAEALAAAAAABAAEAAAICTAEAOw==\" data-src=\"https:\/\/mcusercontent.com\/2fbb6e402472903faeb1aa6c4\/images\/6aa1ef8a-9488-06c5-a96a-986e3c460c0e.jpg\" alt=\"\" width=\"564\" align=\"center\" class=\"lazyload\" \/><\/td>\r\n<\/tr>\r\n<\/tbody>\r\n<\/table>\r\n<\/td>\r\n<\/tr>\r\n<\/tbody>\r\n<\/table>\r\n<table border=\"0\" width=\"100%\" cellspacing=\"0\" cellpadding=\"0\">\r\n<tbody>\r\n<tr>\r\n<td valign=\"top\"><!-- [if mso]>\r\n<table align=\"left\" border=\"0\" cellspacing=\"0\" cellpadding=\"0\" width=\"100%\" style=\"width:100%;\">\r\n<tr>\r\n\t\t\t\t<![endif]--><!-- [if mso]>\r\n<td valign=\"top\" width=\"600\" style=\"width:600px;\">\r\n\t\t\t\t<![endif]-->\r\n<table border=\"0\" width=\"100%\" cellspacing=\"0\" cellpadding=\"0\" align=\"left\">\r\n<tbody>\r\n<tr>\r\n<td valign=\"top\">\r\n<div>\r\n\r\nOn June 2, MPs voted in final reading on amendments to the audiovisual media services code that are aimed at countering disinformation. These amendments were adopted with 54 votes.\r\n\r\nThe amendments involve introducing into the law the notion of disinformation, which means &#8220;the intentional dissemination of false information created to harm a person, a social group, an organization, or the security of the state.&#8221; At the same time, the Code has been supplemented with provisions according to which media service providers shall not broadcast, and distributors shall not retransmit, programs with informational, news, military and political content produced in countries other than the Member States of the European Union, the United States of America, Canada and countries which have ratified the European Convention on Transfrontier Television. The only exceptions are films and entertainment programs which do not possess militaristic content.\r\n\r\nThe law also bans audiovisual programs which, regardless of their origin, justify wars of aggression, deny war crimes and crimes against humanity, or incite hatred. Additionally, at least 50 percent of broadcasts purchased abroad must originate or be produced in EU countries or countries that have ratified the convention.\r\n\r\nThe document also places restrictions on the broadcasting of commercial communications and provides for a range of penalties, including fines of up to 100,000 lei (\u20ac5,000) for TV and radio stations that spread disinformation.\r\n\r\n<\/div><\/td>\r\n<\/tr>\r\n<\/tbody>\r\n<\/table>\r\n<!-- [if mso]><\/td>\r\n<![endif]-->\r\n\r\n<!-- [if mso]><\/tr>\r\n<\/table>\r\n<![endif]--><\/td>\r\n<\/tr>\r\n<\/tbody>\r\n<\/table>\r\n<table border=\"0\" width=\"100%\" cellspacing=\"0\" cellpadding=\"0\">\r\n<tbody>\r\n<tr>\r\n<td valign=\"top\"><!-- [if mso]>\r\n<table align=\"left\" border=\"0\" cellspacing=\"0\" cellpadding=\"0\" width=\"100%\" style=\"width:100%;\">\r\n<tr>\r\n\t\t\t\t<![endif]--><!-- [if mso]>\r\n<td valign=\"top\" width=\"600\" style=\"width:600px;\">\r\n\t\t\t\t<![endif]-->\r\n<table border=\"0\" width=\"100%\" cellspacing=\"0\" cellpadding=\"0\" align=\"left\">\r\n<tbody>\r\n<tr>\r\n<td valign=\"top\">\r\n<h2><a href=\"https:\/\/media-azi.md\/o-noua-lege-privind-accesul-la-informatie-in-proces-de-elaborare-la-chisinau-s-a-discutat-despre-necesitatea-schimbarii-legislatiei\/\">A new law on access to information is being drafted. The need to change the law was discussed in Chisinau<\/a><\/h2>\r\n<\/td>\r\n<\/tr>\r\n<\/tbody>\r\n<\/table>\r\n<!-- [if mso]><\/td>\r\n<![endif]-->\r\n\r\n<!-- [if mso]><\/tr>\r\n<\/table>\r\n<![endif]--><\/td>\r\n<\/tr>\r\n<\/tbody>\r\n<\/table>\r\n<table border=\"0\" width=\"100%\" cellspacing=\"0\" cellpadding=\"0\">\r\n<tbody>\r\n<tr>\r\n<td valign=\"top\">\r\n<table border=\"0\" width=\"100%\" cellspacing=\"0\" cellpadding=\"0\" align=\"left\">\r\n<tbody>\r\n<tr>\r\n<td valign=\"top\"><img decoding=\"async\" src=\"data:image\/gif;base64,R0lGODlhAQABAAAAACH5BAEKAAEALAAAAAABAAEAAAICTAEAOw==\" data-src=\"https:\/\/mcusercontent.com\/2fbb6e402472903faeb1aa6c4\/images\/778b5f8e-b4cc-0d72-6f9d-782da9150b61.png\" alt=\"\" width=\"564\" align=\"center\" class=\"lazyload\" \/><\/td>\r\n<\/tr>\r\n<\/tbody>\r\n<\/table>\r\n<\/td>\r\n<\/tr>\r\n<\/tbody>\r\n<\/table>\r\n<table border=\"0\" width=\"100%\" cellspacing=\"0\" cellpadding=\"0\">\r\n<tbody>\r\n<tr>\r\n<td valign=\"top\"><!-- [if mso]>\r\n<table align=\"left\" border=\"0\" cellspacing=\"0\" cellpadding=\"0\" width=\"100%\" style=\"width:100%;\">\r\n<tr>\r\n\t\t\t\t<![endif]--><!-- [if mso]>\r\n<td valign=\"top\" width=\"600\" style=\"width:600px;\">\r\n\t\t\t\t<![endif]-->\r\n<table border=\"0\" width=\"100%\" cellspacing=\"0\" cellpadding=\"0\" align=\"left\">\r\n<tbody>\r\n<tr>\r\n<td valign=\"top\">\r\n<div>\r\n\r\nA new draft law on access to information is being prepared, Justice Ministry representatives announced at the international conference &#8220;Effective implementation of the right to information: from a new law on access to information to institutional changes in Moldova.&#8221;\r\n\r\nAt the June 9 event, the European Union (EU) Ambassador to Chisinau, J\u0101nis Ma\u017eeiks, said, &#8220;The main challenges in terms of access to information are practically the same over the last 20 years &#8211; oligarchization, politicization of the media sector, outdated legislation, unwillingness of the authorities to provide access to information of public interest.&#8221;\r\n\r\nPatrick Pennincks, head of the Council of Europe&#8217;s Information Society Department, believes that legislation in this sphere should be improved. &#8220;The media landscape has changed in the region over the last two decades, but especially over the last two months, and we have to deal with this changing environment,&#8221; he said.\r\n\r\nAttending the conference, Justice Minister Sergiu Litvinenco stressed that the authorities&#8217; intention was to simplify as much as possible the procedure for obtaining information of public interest and to ensure access to information for all, especially for the media.\r\n\r\nIn this context, the State Secretary of the Ministry of Justice, Veronica Mihailov-Moraru, said that a first draft of the new law on access to information has already been prepared, which includes aspects of compliance with the requirements of proactive transparency.\u00a0 According to her, the document will be finalized in the autumn.\r\n\r\nThe Chairwoman of the parliamentary media committee, Liliana Nicolaescu-Onofrei, said MPs would support the ministry on the legislative side.\r\n\r\nZiarul de Garda Director Alina Radu mentioned some of the problems faced by investigative reporters. These include fees for access to databases, restrictions on access to information that is classified as a state secret, and delays in responding to requests for information.\r\n\r\n<\/div><\/td>\r\n<\/tr>\r\n<\/tbody>\r\n<\/table>\r\n<!-- [if mso]><\/td>\r\n<![endif]-->\r\n\r\n<!-- [if mso]><\/tr>\r\n<\/table>\r\n<![endif]--><\/td>\r\n<\/tr>\r\n<\/tbody>\r\n<\/table>\r\n<table border=\"0\" width=\"100%\" cellspacing=\"0\" cellpadding=\"0\">\r\n<tbody>\r\n<tr>\r\n<td valign=\"top\"><!-- [if mso]>\r\n<table align=\"left\" border=\"0\" cellspacing=\"0\" cellpadding=\"0\" width=\"100%\" style=\"width:100%;\">\r\n<tr>\r\n\t\t\t\t<![endif]--><!-- [if mso]>\r\n<td valign=\"top\" width=\"600\" style=\"width:600px;\">\r\n\t\t\t\t<![endif]-->\r\n<table border=\"0\" width=\"100%\" cellspacing=\"0\" cellpadding=\"0\" align=\"left\">\r\n<tbody>\r\n<tr>\r\n<td valign=\"top\">\r\n<h2><a href=\"https:\/\/media-azi.md\/doi-deputati-psrm-au-contestat-la-curtea-constitutionala-modificarile-legislative-ce-vizeaza-lupta-cu-dezinformarea-in-audiovizual\/\">Two PSRM MPs have challenged at the CC the legislative changes aimed at combating disinformation in broadcasting<\/a><\/h2>\r\n<\/td>\r\n<\/tr>\r\n<\/tbody>\r\n<\/table>\r\n<!-- [if mso]><\/td>\r\n<![endif]-->\r\n\r\n<!-- [if mso]><\/tr>\r\n<\/table>\r\n<![endif]--><\/td>\r\n<\/tr>\r\n<\/tbody>\r\n<\/table>\r\n<table border=\"0\" width=\"100%\" cellspacing=\"0\" cellpadding=\"0\">\r\n<tbody>\r\n<tr>\r\n<td valign=\"top\">\r\n<table border=\"0\" width=\"100%\" cellspacing=\"0\" cellpadding=\"0\" align=\"left\">\r\n<tbody>\r\n<tr>\r\n<td valign=\"top\"><img decoding=\"async\" src=\"data:image\/gif;base64,R0lGODlhAQABAAAAACH5BAEKAAEALAAAAAABAAEAAAICTAEAOw==\" data-src=\"https:\/\/mcusercontent.com\/2fbb6e402472903faeb1aa6c4\/images\/3d3751c5-7ea4-294a-50b6-32a1f15615f4.jpg\" alt=\"\" width=\"564\" align=\"center\" class=\"lazyload\" \/><\/td>\r\n<\/tr>\r\n<\/tbody>\r\n<\/table>\r\n<\/td>\r\n<\/tr>\r\n<\/tbody>\r\n<\/table>\r\n<table border=\"0\" width=\"100%\" cellspacing=\"0\" cellpadding=\"0\">\r\n<tbody>\r\n<tr>\r\n<td valign=\"top\"><!-- [if mso]>\r\n<table align=\"left\" border=\"0\" cellspacing=\"0\" cellpadding=\"0\" width=\"100%\" style=\"width:100%;\">\r\n<tr>\r\n\t\t\t\t<![endif]--><!-- [if mso]>\r\n<td valign=\"top\" width=\"600\" style=\"width:600px;\">\r\n\t\t\t\t<![endif]-->\r\n<table border=\"0\" width=\"100%\" cellspacing=\"0\" cellpadding=\"0\" align=\"left\">\r\n<tbody>\r\n<tr>\r\n<td valign=\"top\">On June 20, PSRM MPs Adela Raileanu and Grigore Novac filed a complaint with the Constitutional Court (CC) asking for the constitutionality of several recent amendments aimed at countering disinformation in the audiovisual sector to be reviewed. According to the two MPs, these amendments would also violate international human rights standards.\r\n\r\nThe Socialist MPs believe the law violates several provisions of the Constitution and the amendments &#8220;disproportionately&#8221; introduce rules to censor &#8220;uncomfortable&#8221; information broadcast to the public, as well as measures to hold &#8220;disinformation&#8221; accountable and, last but not least, measures to &#8220;strangle&#8221; economic operators in the field.<\/td>\r\n<\/tr>\r\n<\/tbody>\r\n<\/table>\r\n<!-- [if mso]><\/td>\r\n<![endif]-->\r\n\r\n<!-- [if mso]><\/tr>\r\n<\/table>\r\n<![endif]--><\/td>\r\n<\/tr>\r\n<\/tbody>\r\n<\/table>\r\n<table border=\"0\" width=\"100%\" cellspacing=\"0\" cellpadding=\"0\">\r\n<tbody>\r\n<tr>\r\n<td valign=\"top\"><!-- [if mso]>\r\n<table align=\"left\" border=\"0\" cellspacing=\"0\" cellpadding=\"0\" width=\"100%\" style=\"width:100%;\">\r\n<tr>\r\n\t\t\t\t<![endif]--><!-- [if mso]>\r\n<td valign=\"top\" width=\"600\" style=\"width:600px;\">\r\n\t\t\t\t<![endif]-->\r\n<table border=\"0\" width=\"100%\" cellspacing=\"0\" cellpadding=\"0\" align=\"left\">\r\n<tbody>\r\n<tr>\r\n<td valign=\"top\">\r\n<h1>Media Monitoring<\/h1>\r\n<\/td>\r\n<\/tr>\r\n<\/tbody>\r\n<\/table>\r\n<!-- [if mso]><\/td>\r\n<![endif]-->\r\n\r\n<!-- [if mso]><\/tr>\r\n<\/table>\r\n<![endif]--><\/td>\r\n<\/tr>\r\n<\/tbody>\r\n<\/table>\r\n<table border=\"0\" width=\"100%\" cellspacing=\"0\" cellpadding=\"0\">\r\n<tbody>\r\n<tr>\r\n<td valign=\"top\"><!-- [if mso]>\r\n<table align=\"left\" border=\"0\" cellspacing=\"0\" cellpadding=\"0\" width=\"100%\" style=\"width:100%;\">\r\n<tr>\r\n\t\t\t\t<![endif]--><!-- [if mso]>\r\n<td valign=\"top\" width=\"600\" style=\"width:600px;\">\r\n\t\t\t\t<![endif]-->\r\n<table border=\"0\" width=\"100%\" cellspacing=\"0\" cellpadding=\"0\" align=\"left\">\r\n<tbody>\r\n<tr>\r\n<td valign=\"top\">\r\n<h2><a href=\"https:\/\/media-azi.md\/primul-in-moldova-sanctionat-cu-13-000-de-lei-pentru-insuficienta-produsului-local-difuzat\/\">Primul in Moldova, fined 13,000 lei for insufficient local product<\/a><\/h2>\r\n<\/td>\r\n<\/tr>\r\n<\/tbody>\r\n<\/table>\r\n<!-- [if mso]><\/td>\r\n<![endif]-->\r\n\r\n<!-- [if mso]><\/tr>\r\n<\/table>\r\n<![endif]--><\/td>\r\n<\/tr>\r\n<\/tbody>\r\n<\/table>\r\n<table border=\"0\" width=\"100%\" cellspacing=\"0\" cellpadding=\"0\">\r\n<tbody>\r\n<tr>\r\n<td valign=\"top\">\r\n<table border=\"0\" width=\"100%\" cellspacing=\"0\" cellpadding=\"0\" align=\"left\">\r\n<tbody>\r\n<tr>\r\n<td valign=\"top\"><img decoding=\"async\" src=\"data:image\/gif;base64,R0lGODlhAQABAAAAACH5BAEKAAEALAAAAAABAAEAAAICTAEAOw==\" data-src=\"https:\/\/mcusercontent.com\/2fbb6e402472903faeb1aa6c4\/images\/1ff7fac0-f1e8-bd49-8031-d6f672e12071.jpg\" alt=\"\" width=\"564\" align=\"center\" class=\"lazyload\" \/><\/td>\r\n<\/tr>\r\n<\/tbody>\r\n<\/table>\r\n<\/td>\r\n<\/tr>\r\n<\/tbody>\r\n<\/table>\r\n<table border=\"0\" width=\"100%\" cellspacing=\"0\" cellpadding=\"0\">\r\n<tbody>\r\n<tr>\r\n<td valign=\"top\"><!-- [if mso]>\r\n<table align=\"left\" border=\"0\" cellspacing=\"0\" cellpadding=\"0\" width=\"100%\" style=\"width:100%;\">\r\n<tr>\r\n\t\t\t\t<![endif]--><!-- [if mso]>\r\n<td valign=\"top\" width=\"600\" style=\"width:600px;\">\r\n\t\t\t\t<![endif]-->\r\n<table border=\"0\" width=\"100%\" cellspacing=\"0\" cellpadding=\"0\" align=\"left\">\r\n<tbody>\r\n<tr>\r\n<td valign=\"top\">The Broadcasting Council (BC) has fined the television station Primul in Moldova 13,000 lei (650 euros) for broadcasting insufficient local product. The sanction was imposed at the public hearing on 10 June.\r\n\r\nThe BC monitored Primul in Moldova from March 22-28, finding that the TV station produced local programs with an average daily duration of less than eight hours (32 hours of broadcast instead of 56 hours), which contravenes legal requirements. This is because Telesistem TV, the founder of First in Moldova, is classified as a national private media service provider and as such is obliged to broadcast at least eight hours of local content.\r\n\r\nIn this context, the TV administration informed that the server was disconnected on March 20 and that the problem was not addressed in time, as it was a holiday. Because of this, the following day&#8217;s broadcasts were partially recorded and the channel&#8217;s representatives requested that the regulator monitor the day of March 28, which was recorded in full.\r\n\r\nOn June 3, the BC fined the TV channel ITV Moldova a total of 42,000 lei (\u20ac2,100) for lack\u00a0 of local and Romanian language broadcasts, as the channel had repeated violations in this respect. The BC fined the channel Familia 5,000 lei (\u20ac250) for the same violations. An additional five TV channels &#8211; the Comrat public TV channel GRT, and the private TV channels STV, Studio-L, BAS TV, TVC 21 &#8211; were publicly warned.<\/td>\r\n<\/tr>\r\n<\/tbody>\r\n<\/table>\r\n<!-- [if mso]><\/td>\r\n<![endif]-->\r\n\r\n<!-- [if mso]><\/tr>\r\n<\/table>\r\n<![endif]--><\/td>\r\n<\/tr>\r\n<\/tbody>\r\n<\/table>\r\n<table border=\"0\" width=\"100%\" cellspacing=\"0\" cellpadding=\"0\">\r\n<tbody>\r\n<tr>\r\n<td valign=\"top\"><!-- [if mso]>\r\n<table align=\"left\" border=\"0\" cellspacing=\"0\" cellpadding=\"0\" width=\"100%\" style=\"width:100%;\">\r\n<tr>\r\n\t\t\t\t<![endif]--><!-- [if mso]>\r\n<td valign=\"top\" width=\"600\" style=\"width:600px;\">\r\n\t\t\t\t<![endif]-->\r\n<table border=\"0\" width=\"100%\" cellspacing=\"0\" cellpadding=\"0\" align=\"left\">\r\n<tbody>\r\n<tr>\r\n<td valign=\"top\">\r\n<h2><a href=\"https:\/\/media-azi.md\/ca-o-parte-din-televiziuni-refuza-sa-publice-sursele-de-finantare-invocand-secretul-comercial\/\">BC: Some broadcasters refuse to publish funding sources, citing trade secrecy<\/a><\/h2>\r\n<\/td>\r\n<\/tr>\r\n<\/tbody>\r\n<\/table>\r\n<!-- [if mso]><\/td>\r\n<![endif]-->\r\n\r\n<!-- [if mso]><\/tr>\r\n<\/table>\r\n<![endif]--><\/td>\r\n<\/tr>\r\n<\/tbody>\r\n<\/table>\r\n<table border=\"0\" width=\"100%\" cellspacing=\"0\" cellpadding=\"0\">\r\n<tbody>\r\n<tr>\r\n<td valign=\"top\">\r\n<table border=\"0\" width=\"100%\" cellspacing=\"0\" cellpadding=\"0\" align=\"left\">\r\n<tbody>\r\n<tr>\r\n<td valign=\"top\"><img decoding=\"async\" src=\"data:image\/gif;base64,R0lGODlhAQABAAAAACH5BAEKAAEALAAAAAABAAEAAAICTAEAOw==\" data-src=\"https:\/\/mcusercontent.com\/2fbb6e402472903faeb1aa6c4\/images\/bee47a00-0cba-08e6-90e3-50abfe040956.jpg\" alt=\"\" width=\"564\" align=\"center\" class=\"lazyload\" \/><\/td>\r\n<\/tr>\r\n<\/tbody>\r\n<\/table>\r\n<\/td>\r\n<\/tr>\r\n<\/tbody>\r\n<\/table>\r\n<table border=\"0\" width=\"100%\" cellspacing=\"0\" cellpadding=\"0\">\r\n<tbody>\r\n<tr>\r\n<td valign=\"top\"><!-- [if mso]>\r\n<table align=\"left\" border=\"0\" cellspacing=\"0\" cellpadding=\"0\" width=\"100%\" style=\"width:100%;\">\r\n<tr>\r\n\t\t\t\t<![endif]--><!-- [if mso]>\r\n<td valign=\"top\" width=\"600\" style=\"width:600px;\">\r\n\t\t\t\t<![endif]-->\r\n<table border=\"0\" width=\"100%\" cellspacing=\"0\" cellpadding=\"0\" align=\"left\">\r\n<tbody>\r\n<tr>\r\n<td valign=\"top\">Several Moldovan broadcasters have not indicated their sources of funding and investments in their annual reports to the Broadcasting Council (BC), citing &#8220;commercial secrecy&#8221; and &#8220;confidential information&#8221; as reasons for their refusal.\u00a0BC member Ruslan Mihailevschi carried out this analysis and presented his findings at the end of May.\r\n\r\nAccording to the legislation, private media service providers are obliged to publish on their websites and submit to the BC annually (by February 1) an activity report including the name, nationality of the beneficiary owner or owners, description of the ownership structure, organization chart and share capital of the media service provider, sources of financing of the audiovisual media service and information on the implementation of the audiovisual media service concept for the previous year of activity.\r\n\r\nAccording to\u00a0 Mihailevschi&#8217;s analysis of the annual reports for 2021 of TV media service providers, ten TV stations consider the data on funding sources to be &#8220;confidential&#8221; or a &#8220;trade secret.&#8221; These are NTV Moldova, Cinema 1, PEH TV, RTR Moldova, ITV, Bravo TV, Accent TV, Primul in Moldova, ProTV Chisinau, and Tezaur TV.\r\n\r\nIn addition, four TV stations indicated that they had no sources of funding or investment in the last year &#8211; Gurinel TV, Popas TV, ATV Coguk, and ATV.\r\n\r\nIn this context, Mihailevschi noted that, according to the Civil Code, &#8220;the holder of the trade secret may not invoke a legal defense of the trade secret if the alleged acquisition, use or disclosure of the trade secret took place in any of the following cases: a) for the exercise of the right to freedom of expression and information, as provided for by law and international treaties to which the Republic of Moldova is a party, including for the respect of freedom and pluralism of the media&#8221;.\r\n\r\nAs a short-term solution, the BC member proposed &#8220;extending and clarifying the paragraph on the sources of funding of media services, specifying in more detail the categories of data that media service providers are obliged to make public.&#8221; He also said that amendments to the Audiovisual Media Services Code on transparency of media ownership could be proposed in line with European standards at a later stage.<\/td>\r\n<\/tr>\r\n<\/tbody>\r\n<\/table>\r\n<!-- [if mso]><\/td>\r\n<![endif]-->\r\n\r\n<!-- [if mso]><\/tr>\r\n<\/table>\r\n<![endif]--><\/td>\r\n<\/tr>\r\n<\/tbody>\r\n<\/table>\r\n<table border=\"0\" width=\"100%\" cellspacing=\"0\" cellpadding=\"0\">\r\n<tbody>\r\n<tr>\r\n<td valign=\"top\"><!-- [if mso]>\r\n<table align=\"left\" border=\"0\" cellspacing=\"0\" cellpadding=\"0\" width=\"100%\" style=\"width:100%;\">\r\n<tr>\r\n\t\t\t\t<![endif]--><!-- [if mso]>\r\n<td valign=\"top\" width=\"600\" style=\"width:600px;\">\r\n\t\t\t\t<![endif]-->\r\n<table border=\"0\" width=\"100%\" cellspacing=\"0\" cellpadding=\"0\" align=\"left\">\r\n<tbody>\r\n<tr>\r\n<td valign=\"top\">\r\n<h2><a href=\"https:\/\/media-azi.md\/en\/ntv-moldova-fined-18-000-lei-and-publicly-warned-twice-including-for-the-may-9-reports\/\" target=\"_blank\" rel=\"noopener\">NTV Moldova fined 18,000 lei and issued two public warnings including for May 9 reports<\/a><\/h2>\r\n<\/td>\r\n<\/tr>\r\n<\/tbody>\r\n<\/table>\r\n<!-- [if mso]><\/td>\r\n<![endif]-->\r\n\r\n<!-- [if mso]><\/tr>\r\n<\/table>\r\n<![endif]--><\/td>\r\n<\/tr>\r\n<\/tbody>\r\n<\/table>\r\n<table border=\"0\" width=\"100%\" cellspacing=\"0\" cellpadding=\"0\">\r\n<tbody>\r\n<tr>\r\n<td valign=\"top\">\r\n<table border=\"0\" width=\"100%\" cellspacing=\"0\" cellpadding=\"0\" align=\"left\">\r\n<tbody>\r\n<tr>\r\n<td valign=\"top\"><img decoding=\"async\" src=\"data:image\/gif;base64,R0lGODlhAQABAAAAACH5BAEKAAEALAAAAAABAAEAAAICTAEAOw==\" data-src=\"https:\/\/mcusercontent.com\/2fbb6e402472903faeb1aa6c4\/images\/a7813dbe-0d8d-2835-9efc-97882f022d98.jpg\" alt=\"\" width=\"564\" align=\"center\" class=\"lazyload\" \/><\/td>\r\n<\/tr>\r\n<\/tbody>\r\n<\/table>\r\n<\/td>\r\n<\/tr>\r\n<\/tbody>\r\n<\/table>\r\n<table border=\"0\" width=\"100%\" cellspacing=\"0\" cellpadding=\"0\">\r\n<tbody>\r\n<tr>\r\n<td valign=\"top\"><!-- [if mso]>\r\n<table align=\"left\" border=\"0\" cellspacing=\"0\" cellpadding=\"0\" width=\"100%\" style=\"width:100%;\">\r\n<tr>\r\n\t\t\t\t<![endif]--><!-- [if mso]>\r\n<td valign=\"top\" width=\"600\" style=\"width:600px;\">\r\n\t\t\t\t<![endif]-->\r\n<table border=\"0\" width=\"100%\" cellspacing=\"0\" cellpadding=\"0\" align=\"left\">\r\n<tbody>\r\n<tr>\r\n<td valign=\"top\">At its June 3 meeting, the Broadcasting Council (BC) fined NTV Moldova 18,000 lei (900 euro) and publicly warned the broadcaster twice for inaccuracies in its reporting on the\u00a0 May 9 demonstrations and &#8220;subjective opinions&#8221; expressed by the moderator of a program. The sanctions were imposed following complaints filed by BC members Larisa Turea and Orest Dabija, as well as Watchdog.md.\r\n\r\nTurea&#8217;s complaint related to the monitoring of compliance with the law in the context of the enactment of the law banning the display in Moldova of signs associated with the Russian Federation&#8217;s military aggression in Ukraine on April 19-21. According to BC, NTV Moldova violated the provisions of the Audiovisual Media Services Code, which states that reports must come from reliable sources, sufficiently documented from a factual point of view with a credible and impartial approach to events, and relayed with a balanced reflection of different opinions. The BC also noted that during the &#8220;Accent Direct&#8221; program on April 19, moderator Alexei Lungu &#8220;took a biased approach to his guest&#8217;s statements and supported his opinions, which does not contribute to the free formation of opinions.&#8221;\r\n\r\nThe breaches of the law were also noted in the news program &#8220;7pm News&#8221; on May 9, which was monitored on the basis of Orest Dabija&#8217;s self-report. &#8220;In the context of the topic \u2018The Most Numerous Victory March,\u2019 the significance of May 9 was described as the victory of the \u2018Great War for the Defense of the Fatherland,\u2019 the name given by the Soviet Union to the Second World War. Thus, the focus was only on the views of those who support this ideology, without presenting other historical data in relation to the Second World War,&#8221; notes the BC.\r\n\r\nThe Watchdog.md petition referred to a May 12 news story headlined &#8220;Gavrilita: We have no cause for concern.&#8221; The monitoring noted a lack of consistency and accuracy in the reporting of the story, including the insertion of video footage of the attack on a group of people and explosions in the building of the so-called security ministry in Tiraspol following the general statements made by Premier Gavrilita.\r\nThe sanctions included and merged the three referrals.<\/td>\r\n<\/tr>\r\n<\/tbody>\r\n<\/table>\r\n<!-- [if mso]><\/td>\r\n<![endif]-->\r\n\r\n<!-- [if mso]><\/tr>\r\n<\/table>\r\n<![endif]--><\/td>\r\n<\/tr>\r\n<\/tbody>\r\n<\/table>\r\n<table border=\"0\" width=\"100%\" cellspacing=\"0\" cellpadding=\"0\">\r\n<tbody>\r\n<tr>\r\n<td valign=\"top\"><!-- [if mso]>\r\n<table align=\"left\" border=\"0\" cellspacing=\"0\" cellpadding=\"0\" width=\"100%\" style=\"width:100%;\">\r\n<tr>\r\n\t\t\t\t<![endif]--><!-- [if mso]>\r\n<td valign=\"top\" width=\"600\" style=\"width:600px;\">\r\n\t\t\t\t<![endif]-->\r\n<table border=\"0\" width=\"100%\" cellspacing=\"0\" cellpadding=\"0\" align=\"left\">\r\n<tbody>\r\n<tr>\r\n<td valign=\"top\">\r\n<h1>The Media Azi Show<\/h1>\r\n<\/td>\r\n<\/tr>\r\n<\/tbody>\r\n<\/table>\r\n<!-- [if mso]><\/td>\r\n<![endif]-->\r\n\r\n<!-- [if mso]><\/tr>\r\n<\/table>\r\n<![endif]--><\/td>\r\n<\/tr>\r\n<\/tbody>\r\n<\/table>\r\n<table border=\"0\" width=\"100%\" cellspacing=\"0\" cellpadding=\"0\">\r\n<tbody>\r\n<tr>\r\n<td valign=\"top\">\r\n<table border=\"0\" width=\"100%\" cellspacing=\"0\" cellpadding=\"0\" align=\"left\">\r\n<tbody>\r\n<tr>\r\n<td valign=\"top\"><img decoding=\"async\" src=\"data:image\/gif;base64,R0lGODlhAQABAAAAACH5BAEKAAEALAAAAAABAAEAAAICTAEAOw==\" data-src=\"https:\/\/mcusercontent.com\/2fbb6e402472903faeb1aa6c4\/images\/e706e0df-6ccb-9447-4812-1861a2b5c59e.png\" alt=\"\" width=\"564\" align=\"center\" class=\"lazyload\" \/><\/td>\r\n<\/tr>\r\n<\/tbody>\r\n<\/table>\r\n<\/td>\r\n<\/tr>\r\n<\/tbody>\r\n<\/table>\r\n<table border=\"0\" width=\"100%\" cellspacing=\"0\" cellpadding=\"0\">\r\n<tbody>\r\n<tr>\r\n<td valign=\"top\"><!-- [if mso]>\r\n<table align=\"left\" border=\"0\" cellspacing=\"0\" cellpadding=\"0\" width=\"100%\" style=\"width:100%;\">\r\n<tr>\r\n\t\t\t\t<![endif]--><!-- [if mso]>\r\n<td valign=\"top\" width=\"600\" style=\"width:600px;\">\r\n\t\t\t\t<![endif]-->\r\n<table border=\"0\" width=\"100%\" cellspacing=\"0\" cellpadding=\"0\" align=\"left\">\r\n<tbody>\r\n<tr>\r\n<td valign=\"top\">\r\n<div>\r\n<div>\r\n\r\nA new draft law on access to information is in the process of being drafted at the Ministry of Justice. Moldova has an access to information law that some experts say is good and others say should be improved. What does the new draft present and what is new for journalists? Journalist Anastasia Nani delves into these questions with head of the policy analysis, monitoring and evaluation department of the Justice Ministry, Liliana Rusu on the <a href=\"https:\/\/media-azi.md\/media-azi-un-nou-proiect-de-lege-privind-accesul-la-informatie-si-noutatile-pe-care-le-aduce\/\">Media Azi show<\/a>.\r\n\r\n<\/div>\r\n<\/div><\/td>\r\n<\/tr>\r\n<\/tbody>\r\n<\/table>\r\n<!-- [if mso]><\/td>\r\n<![endif]-->\r\n\r\n<!-- [if mso]><\/tr>\r\n<\/table>\r\n<![endif]--><\/td>\r\n<\/tr>\r\n<\/tbody>\r\n<\/table>\r\n<table border=\"0\" width=\"100%\" cellspacing=\"0\" cellpadding=\"0\">\r\n<tbody>\r\n<tr>\r\n<td valign=\"top\"><!-- [if mso]>\r\n<table align=\"left\" border=\"0\" cellspacing=\"0\" cellpadding=\"0\" width=\"100%\" style=\"width:100%;\">\r\n<tr>\r\n\t\t\t\t<![endif]--><!-- [if mso]>\r\n<td valign=\"top\" width=\"600\" style=\"width:600px;\">\r\n\t\t\t\t<![endif]-->\r\n<table border=\"0\" width=\"100%\" cellspacing=\"0\" cellpadding=\"0\" align=\"left\">\r\n<tbody>\r\n<tr>\r\n<td valign=\"top\">\r\n<h1>IJC Updates<\/h1>\r\n<\/td>\r\n<\/tr>\r\n<\/tbody>\r\n<\/table>\r\n<!-- [if mso]><\/td>\r\n<![endif]-->\r\n\r\n<!-- [if mso]><\/tr>\r\n<\/table>\r\n<![endif]--><\/td>\r\n<\/tr>\r\n<\/tbody>\r\n<\/table>\r\n<table border=\"0\" width=\"100%\" cellspacing=\"0\" cellpadding=\"0\">\r\n<tbody>\r\n<tr>\r\n<td valign=\"top\"><!-- [if mso]>\r\n<table align=\"left\" border=\"0\" cellspacing=\"0\" cellpadding=\"0\" width=\"100%\" style=\"width:100%;\">\r\n<tr>\r\n\t\t\t\t<![endif]--><!-- [if mso]>\r\n<td valign=\"top\" width=\"600\" style=\"width:600px;\">\r\n\t\t\t\t<![endif]-->\r\n<table border=\"0\" width=\"100%\" cellspacing=\"0\" cellpadding=\"0\" align=\"left\">\r\n<tbody>\r\n<tr>\r\n<td valign=\"top\">\r\n<h2><a href=\"https:\/\/mediacritica.md\/podcast\/ce-este-deepfake\/\">The cuMINTE Podcast: What is a deepfake?<\/a><\/h2>\r\n<\/td>\r\n<\/tr>\r\n<\/tbody>\r\n<\/table>\r\n<!-- [if mso]><\/td>\r\n<![endif]-->\r\n\r\n<!-- [if mso]><\/tr>\r\n<\/table>\r\n<![endif]--><\/td>\r\n<\/tr>\r\n<\/tbody>\r\n<\/table>\r\n<table border=\"0\" width=\"100%\" cellspacing=\"0\" cellpadding=\"0\">\r\n<tbody>\r\n<tr>\r\n<td valign=\"top\">\r\n<table border=\"0\" width=\"100%\" cellspacing=\"0\" cellpadding=\"0\" align=\"left\">\r\n<tbody>\r\n<tr>\r\n<td valign=\"top\"><img decoding=\"async\" src=\"data:image\/gif;base64,R0lGODlhAQABAAAAACH5BAEKAAEALAAAAAABAAEAAAICTAEAOw==\" data-src=\"https:\/\/mcusercontent.com\/2fbb6e402472903faeb1aa6c4\/images\/5beec9ac-3772-c460-514e-b3109d3b227d.jpg\" alt=\"\" width=\"564\" align=\"center\" class=\"lazyload\" \/><\/td>\r\n<\/tr>\r\n<\/tbody>\r\n<\/table>\r\n<\/td>\r\n<\/tr>\r\n<\/tbody>\r\n<\/table>\r\n<table border=\"0\" width=\"100%\" cellspacing=\"0\" cellpadding=\"0\">\r\n<tbody>\r\n<tr>\r\n<td valign=\"top\"><!-- [if mso]>\r\n<table align=\"left\" border=\"0\" cellspacing=\"0\" cellpadding=\"0\" width=\"100%\" style=\"width:100%;\">\r\n<tr>\r\n\t\t\t\t<![endif]--><!-- [if mso]>\r\n<td valign=\"top\" width=\"600\" style=\"width:600px;\">\r\n\t\t\t\t<![endif]-->\r\n<table border=\"0\" width=\"100%\" cellspacing=\"0\" cellpadding=\"0\" align=\"left\">\r\n<tbody>\r\n<tr>\r\n<td valign=\"top\">The June edition of the cuMINTE Podcast, prepared and broadcast by the IJC, explains the phenomenon of deepfakes, which experts in the field believe is far more dangerous and has a far greater impact than fake news.\r\n\r\nThe show&#8217;s guest, digital media researcher Viorica Budu, argues that fake videos generated by artificial intelligence are becoming more frequent and more convincing. &#8220;Both in the media and in international academia, there has been concern that with the deepfake era we will no longer be able to distinguish synthetic videos from real ones,&#8221; she says.\r\n\r\nAnd it&#8217;s not just about videos. Deepfake technology can generate convincing but completely fictitious photos.\u00a0 Similarly, it can create voice fakes or voice clones of public figures.\r\n&#8220;The ProFact Moldova team has detected several attempts by Sputnik Moldova to assign fake identities to photos manipulated by combining multiple photos and presenting them as editorialists,&#8221; notes Budu.\r\n\r\nAnother guest on the show, lawyer Ilie Chirtoaca from the Center for Legal Resources in Moldova (CRJM), warns that deepfakes can have long-lasting negative effects. They can distort democratic discourse, manipulate elections, erode trust in institutions, endanger public safety and national security, and damage people&#8217;s reputations, among other things.\r\n\r\nIn order to prevent information consumers from falling prey to the phenomenon, the two guests also come up with some tips on how to spot a deepfake: pay attention to the unnatural eye movements of deepfake characters, their facial expressions, and body movements, among other things.\r\n\r\nThe cuMINTE podcast is produced by the IJC with support from the Black Sea Trust, a project of the German Marshall Fund of the United States.<\/td>\r\n<\/tr>\r\n<\/tbody>\r\n<\/table>\r\n<!-- [if mso]><\/td>\r\n<![endif]-->\r\n\r\n<!-- [if mso]><\/tr>\r\n<\/table>\r\n<![endif]--><\/td>\r\n<\/tr>\r\n<\/tbody>\r\n<\/table>\r\n<table border=\"0\" width=\"100%\" cellspacing=\"0\" cellpadding=\"0\">\r\n<tbody>\r\n<tr>\r\n<td valign=\"top\"><!-- [if mso]>\r\n<table align=\"left\" border=\"0\" cellspacing=\"0\" cellpadding=\"0\" width=\"100%\" style=\"width:100%;\">\r\n<tr>\r\n\t\t\t\t<![endif]--><!-- [if mso]>\r\n<td valign=\"top\" width=\"600\" style=\"width:600px;\">\r\n\t\t\t\t<![endif]-->\r\n<table border=\"0\" width=\"100%\" cellspacing=\"0\" cellpadding=\"0\" align=\"left\">\r\n<tbody>\r\n<tr>\r\n<td valign=\"top\">\r\n<h2><a href=\"https:\/\/cji.md\/en\/the-ijc-is-launching-the-process-of-integrating-media-literacy-concepts-into-core-subjects\/\">The IJC has launched the process of integrating media literacy concepts into core subjects<\/a><\/h2>\r\n<\/td>\r\n<\/tr>\r\n<\/tbody>\r\n<\/table>\r\n<!-- [if mso]><\/td>\r\n<![endif]-->\r\n\r\n<!-- [if mso]><\/tr>\r\n<\/table>\r\n<![endif]--><\/td>\r\n<\/tr>\r\n<\/tbody>\r\n<\/table>\r\n<table border=\"0\" width=\"100%\" cellspacing=\"0\" cellpadding=\"0\">\r\n<tbody>\r\n<tr>\r\n<td valign=\"top\">\r\n<table border=\"0\" width=\"100%\" cellspacing=\"0\" cellpadding=\"0\" align=\"left\">\r\n<tbody>\r\n<tr>\r\n<td valign=\"top\"><img decoding=\"async\" src=\"data:image\/gif;base64,R0lGODlhAQABAAAAACH5BAEKAAEALAAAAAABAAEAAAICTAEAOw==\" data-src=\"https:\/\/mcusercontent.com\/2fbb6e402472903faeb1aa6c4\/images\/a1fbe1db-6376-8f3d-f6a0-773eef6da32f.png\" alt=\"\" width=\"564\" align=\"center\" class=\"lazyload\" \/><\/td>\r\n<\/tr>\r\n<\/tbody>\r\n<\/table>\r\n<\/td>\r\n<\/tr>\r\n<\/tbody>\r\n<\/table>\r\n<table border=\"0\" width=\"100%\" cellspacing=\"0\" cellpadding=\"0\">\r\n<tbody>\r\n<tr>\r\n<td valign=\"top\"><!-- [if mso]>\r\n<table align=\"left\" border=\"0\" cellspacing=\"0\" cellpadding=\"0\" width=\"100%\" style=\"width:100%;\">\r\n<tr>\r\n\t\t\t\t<![endif]--><!-- [if mso]>\r\n<td valign=\"top\" width=\"600\" style=\"width:600px;\">\r\n\t\t\t\t<![endif]-->\r\n<table border=\"0\" width=\"100%\" cellspacing=\"0\" cellpadding=\"0\" align=\"left\">\r\n<tbody>\r\n<tr>\r\n<td valign=\"top\">The IJC has started the process of integrating media literacy concepts into the core subjects to provide a broader perspective on this field. To this end, the IJC and DW Akademie have set up a working group with the participation of experts from Ukraine, Romania, and Lithuania to study the experience and the path these countries have taken in integrating media literacy concepts into other disciplines. The first meeting of the working group was held online on June 8.\r\n\r\nIJC Executive Director Nadine Gogu highlighted the importance and value of media literacy at the beginning of the meeting, while Olena Ponomarenko, Program Director in Moldova at DW Akademie, said it was time for the discipline of Media Literacy to move to a new level.\r\n\r\nMarcela Adam, Secretary of the Parliamentary Committee on Culture, Education, Research, Youth, Sport and the Media, said that five years after the introduction of media literacy in schools, the time has come for it to become part of every subject. &#8220;The challenges we face speak to the need to rethink the education process. It is important to take a long-term view,&#8221; she said.\r\n\r\nDaniela Tirsina, a senior consultant in the General Education Directorate at the Ministry of Education and Research, highlighted the Ministry&#8217;s support for the introduction of the optional subject Media Education in the school curriculum and welcomed the initiative to integrate media education concepts into core subjects.\r\nNext, the leader of the working group, media expert Natalia Griu, will have individual consultations with experts from Ukraine, Romania, and Lithuania. Following the meeting, a document will be drafted stipulating the steps to be taken by Moldova to include media education concepts in core subjects.\r\n\r\nThe working group is created within the project \u201cStrengthening of Media and Information Literacy in Republic of Moldova\u201d with the support of Deutsche Welle Akademie and with the financial support of the German Federal Ministry for Economic Cooperation and Development (BMZ), in partnership with the Ministry of Education and Research of the Republic of Moldova.<\/td>\r\n<\/tr>\r\n<\/tbody>\r\n<\/table>\r\n<!-- [if mso]><\/td>\r\n<![endif]-->\r\n\r\n<!-- [if mso]><\/tr>\r\n<\/table>\r\n<![endif]--><\/td>\r\n<\/tr>\r\n<\/tbody>\r\n<\/table>\r\n<table border=\"0\" width=\"100%\" cellspacing=\"0\" cellpadding=\"0\">\r\n<tbody>\r\n<tr>\r\n<td valign=\"top\"><!-- [if mso]>\r\n<table align=\"left\" border=\"0\" cellspacing=\"0\" cellpadding=\"0\" width=\"100%\" style=\"width:100%;\">\r\n<tr>\r\n\t\t\t\t<![endif]--><!-- [if mso]>\r\n<td valign=\"top\" width=\"600\" style=\"width:600px;\">\r\n\t\t\t\t<![endif]-->\r\n<table border=\"0\" width=\"100%\" cellspacing=\"0\" cellpadding=\"0\" align=\"left\">\r\n<tbody>\r\n<tr>\r\n<td valign=\"top\">\r\n<h2><a href=\"https:\/\/educatia.mediacritica.md\/ro\/2022\/06\/06\/cji-a-anuntat-castigatorii-celei-de-a-doua-editii-a-concursului-educatia-pentru-media-prioritate-in-scoala-mea\/\">The winners of the second edition of the competition &#8220;Media Literacy &#8211; a priority in my school&#8221; have been announced<\/a><\/h2>\r\n<\/td>\r\n<\/tr>\r\n<\/tbody>\r\n<\/table>\r\n<!-- [if mso]><\/td>\r\n<![endif]-->\r\n\r\n<!-- [if mso]><\/tr>\r\n<\/table>\r\n<![endif]--><\/td>\r\n<\/tr>\r\n<\/tbody>\r\n<\/table>\r\n<table border=\"0\" width=\"100%\" cellspacing=\"0\" cellpadding=\"0\">\r\n<tbody>\r\n<tr>\r\n<td valign=\"top\">\r\n<table border=\"0\" width=\"100%\" cellspacing=\"0\" cellpadding=\"0\" align=\"left\">\r\n<tbody>\r\n<tr>\r\n<td valign=\"top\"><img decoding=\"async\" src=\"data:image\/gif;base64,R0lGODlhAQABAAAAACH5BAEKAAEALAAAAAABAAEAAAICTAEAOw==\" data-src=\"https:\/\/mcusercontent.com\/2fbb6e402472903faeb1aa6c4\/images\/efbc94e9-493e-4eb8-be28-7eedbfa8a567.jpg\" alt=\"\" width=\"564\" align=\"center\" class=\"lazyload\" \/><\/td>\r\n<\/tr>\r\n<\/tbody>\r\n<\/table>\r\n<\/td>\r\n<\/tr>\r\n<\/tbody>\r\n<\/table>\r\n<table border=\"0\" width=\"100%\" cellspacing=\"0\" cellpadding=\"0\">\r\n<tbody>\r\n<tr>\r\n<td valign=\"top\"><!-- [if mso]>\r\n<table align=\"left\" border=\"0\" cellspacing=\"0\" cellpadding=\"0\" width=\"100%\" style=\"width:100%;\">\r\n<tr>\r\n\t\t\t\t<![endif]--><!-- [if mso]>\r\n<td valign=\"top\" width=\"600\" style=\"width:600px;\">\r\n\t\t\t\t<![endif]-->\r\n<table border=\"0\" width=\"100%\" cellspacing=\"0\" cellpadding=\"0\" align=\"left\">\r\n<tbody>\r\n<tr>\r\n<td valign=\"top\">The IJC named four winners of the &#8220;Media Literacy \u2013 a priority in my school&#8221; competition at a June 3 event held in Chisinau. The twelve institutions participating in the competition presented their activities in front of colleagues and jury members.\r\n\r\nCristina Leva, DW Akademie project officer in the Moldova, welcomed the participating teachers to the competition, highlighting the important role they play in raising a media literate generation.\r\n\r\nJury member Daniela Tirsina, senior consultant in the General Education Directorate of the Ministry of Education and Research, expressed her hope that the optional subject Media Education will become more in demand. &#8220;I understood how important this discipline is and how much we need it, after attending the first training on the subject organized by the IJC in 2017,&#8221; Tirsina said.\r\n\r\nThe jury also included Ina Grejdeanu, Director for Strategic Development at the IJC, Liuba Petrenco, PhD, Head of the Continuing Education and Management Training Section at UPS &#8220;Ion Creanga,&#8221; and journalist Dumitru Stoianov.\r\n\r\nThis year, the competition &#8220;Media Literacy &#8211; priority in my school&#8221; was organized in two categories. In the first stage, seven educational institutions were selected in the category of schools where the optional subject Media Education was taught in the 2021-2022 school year, and in the second stage another five institutions were selected in the category of schools where this subject has not yet been taught.\r\n\r\nDuring the June 3 event at which the final projects were presented, the coordinators of the twelve participating schools had fifteen minutes to present their portfolios of media education activities.\u00a0 When assessing the portfolios, the jury focused on both the quantity and quality of the activities carried out.\r\n\r\nThus, the winners of the second stage of the competition in the first category were chosen: Sarcova Gymnasium, Sarcova village in Rezina district (teaching in Romanian, teacher Ana Baranetcaia) and Theoretical High School &#8220;Al. Puskin\u201d in Falesti (teaching in Russian, teacher Svetlana Tatarciuc).\r\n\r\nThe winners of the competition in the second category were Gymnasium &#8220;Alecu Mare,&#8221; Slobozia Mare village in Cahul district (teaching in Romanian, teacher Svetlana Tecuci) and \u201cHeritage\u201d High School in Chisinau (with teaching in Romanian, teachers Adriana Bujag and Tatiana Popa).\r\n\r\nThe four winning institutions will each be equipped with a Media Corner &#8211; a media literacy corner where students will have access to useful resources. Together with teachers, students will have the opportunity to carry out activities promoting critical thinking in a comfortable and creative space.\r\n\r\nThe competition was organized in the framework of the project &#8220;Strengthening of Media Literacy and Information Literacy in the Republic of Moldova&#8221; with the support of Deutsche Welle Akademie and with the financial support of the German Federal Ministry for Economic Cooperation and Development (BMZ), in partnership with the Ministry of Education and Research of the Republic of Moldova.<\/td>\r\n<\/tr>\r\n<\/tbody>\r\n<\/table>\r\n<!-- [if mso]><\/td>\r\n<![endif]-->\r\n\r\n<!-- [if mso]><\/tr>\r\n<\/table>\r\n<![endif]--><\/td>\r\n<\/tr>\r\n<\/tbody>\r\n<\/table>\r\n<table border=\"0\" width=\"100%\" cellspacing=\"0\" cellpadding=\"0\">\r\n<tbody>\r\n<tr>\r\n<td valign=\"top\"><!-- [if mso]>\r\n<table align=\"left\" border=\"0\" cellspacing=\"0\" cellpadding=\"0\" width=\"100%\" style=\"width:100%;\">\r\n<tr>\r\n\t\t\t\t<![endif]--><!-- [if mso]>\r\n<td valign=\"top\" width=\"600\" style=\"width:600px;\">\r\n\t\t\t\t<![endif]-->\r\n<table border=\"0\" width=\"100%\" cellspacing=\"0\" cellpadding=\"0\" align=\"left\">\r\n<tbody>\r\n<tr>\r\n<td valign=\"top\">\r\n<h2><a href=\"https:\/\/cji.md\/en\/elderly-people-from-fetesti-village-edinet-district-were-convinced-how-important-it-is-to-get-information-from-several-sources\/\">Media literacy workshop for a group of senior citizens<\/a><\/h2>\r\n<\/td>\r\n<\/tr>\r\n<\/tbody>\r\n<\/table>\r\n<!-- [if mso]><\/td>\r\n<![endif]-->\r\n\r\n<!-- [if mso]><\/tr>\r\n<\/table>\r\n<![endif]--><\/td>\r\n<\/tr>\r\n<\/tbody>\r\n<\/table>\r\n<table border=\"0\" width=\"100%\" cellspacing=\"0\" cellpadding=\"0\">\r\n<tbody>\r\n<tr>\r\n<td valign=\"top\">\r\n<table border=\"0\" width=\"100%\" cellspacing=\"0\" cellpadding=\"0\" align=\"left\">\r\n<tbody>\r\n<tr>\r\n<td valign=\"top\"><img decoding=\"async\" src=\"data:image\/gif;base64,R0lGODlhAQABAAAAACH5BAEKAAEALAAAAAABAAEAAAICTAEAOw==\" data-src=\"https:\/\/mcusercontent.com\/2fbb6e402472903faeb1aa6c4\/images\/0ae10b6d-fc11-9e8a-fc14-5f9b2aa38c5b.png\" alt=\"\" width=\"564\" align=\"center\" class=\"lazyload\" \/><\/td>\r\n<\/tr>\r\n<\/tbody>\r\n<\/table>\r\n<\/td>\r\n<\/tr>\r\n<\/tbody>\r\n<\/table>\r\n<table border=\"0\" width=\"100%\" cellspacing=\"0\" cellpadding=\"0\">\r\n<tbody>\r\n<tr>\r\n<td valign=\"top\"><!-- [if mso]>\r\n<table align=\"left\" border=\"0\" cellspacing=\"0\" cellpadding=\"0\" width=\"100%\" style=\"width:100%;\">\r\n<tr>\r\n\t\t\t\t<![endif]--><!-- [if mso]>\r\n<td valign=\"top\" width=\"600\" style=\"width:600px;\">\r\n\t\t\t\t<![endif]-->\r\n<table border=\"0\" width=\"100%\" cellspacing=\"0\" cellpadding=\"0\" align=\"left\">\r\n<tbody>\r\n<tr>\r\n<td valign=\"top\">On June 26, the IJC held a media education workshop for a group of elderly people from the village of Fetesti, Edinet district. During the meeting, participants learned about what media education is and why we need it, why it is important to get information from different sources and what their credibility is, what misinformation is and how we can be manipulated by news, entertainment, and advertising.\r\n\r\nMariana Tabuncic, program manager at the IJC, said that in the information age we live in, media literacy is part of basic skills such as writing, reading and counting. &#8220;To understand the information that comes to us we need to consume it leisurely, checking and analyzing it from multiple sources. Only by reviewing the information in bits and pieces, checking for facts and truths without jumping to conclusions, will we be able to get a clear picture of events, so that we can make our own conclusions and not allow anyone to mislead us,&#8221; she said.\r\n\r\nThe President of the Press Council, media expert Viorica Zaharia, also addressed the audience. She spoke about manipulation techniques used in the media, giving concrete examples of manipulative news or rigged debates, showing how propaganda, entertainment, and advertising influence our decision-making. According to her, along with the increasing importance of the information product, most of it aims to mislead us and move us to make decisions that are not in our best interests.\r\n\r\nThe workshop participants watched several videos made by the IJC which helped them to realize how important it is to get information from several sources in order to avoid information intoxication.\r\n\r\nThe activity is part of the project \u201cBuilding cohesion in Moldova through promoting social inclusion and diminishing discrimination\u201d is carried out by the Independent Journalism Center as part of the program \u201cJoint Initiative for Equal Opportunities \u2013 Phase II\u201d, implemented from the resources provided by the Swiss Agency for Development and Cooperation (SDC).<\/td>\r\n<\/tr>\r\n<\/tbody>\r\n<\/table>\r\n<!-- [if mso]><\/td>\r\n<![endif]-->\r\n\r\n<!-- [if mso]><\/tr>\r\n<\/table>\r\n<![endif]--><\/td>\r\n<\/tr>\r\n<\/tbody>\r\n<\/table>\r\n<table border=\"0\" width=\"100%\" cellspacing=\"0\" cellpadding=\"0\">\r\n<tbody>\r\n<tr>\r\n<td valign=\"top\"><!-- [if mso]>\r\n<table align=\"left\" border=\"0\" cellspacing=\"0\" cellpadding=\"0\" width=\"100%\" style=\"width:100%;\">\r\n<tr>\r\n\t\t\t\t<![endif]--><!-- [if mso]>\r\n<td valign=\"top\" width=\"600\" style=\"width:600px;\">\r\n\t\t\t\t<![endif]-->\r\n<table border=\"0\" width=\"100%\" cellspacing=\"0\" cellpadding=\"0\" align=\"left\">\r\n<tbody>\r\n<tr>\r\n<td valign=\"top\">\r\n<h2><a href=\"https:\/\/mediacritica.md\/dezinformarea-intre-drobul-de-sare-crengian-si-munca-sisifica\/\">Analysis of the new amendments to the AMSC, which provide mechanisms to protect against disinformation<\/a><\/h2>\r\n<\/td>\r\n<\/tr>\r\n<\/tbody>\r\n<\/table>\r\n<!-- [if mso]><\/td>\r\n<![endif]-->\r\n\r\n<!-- [if mso]><\/tr>\r\n<\/table>\r\n<![endif]--><\/td>\r\n<\/tr>\r\n<\/tbody>\r\n<\/table>\r\n<table border=\"0\" width=\"100%\" cellspacing=\"0\" cellpadding=\"0\">\r\n<tbody>\r\n<tr>\r\n<td valign=\"top\">\r\n<table border=\"0\" width=\"100%\" cellspacing=\"0\" cellpadding=\"0\" align=\"left\">\r\n<tbody>\r\n<tr>\r\n<td valign=\"top\"><img decoding=\"async\" src=\"data:image\/gif;base64,R0lGODlhAQABAAAAACH5BAEKAAEALAAAAAABAAEAAAICTAEAOw==\" data-src=\"https:\/\/mcusercontent.com\/2fbb6e402472903faeb1aa6c4\/images\/feae1d1a-00b2-006c-80cd-3de8ff2a8f4e.png\" alt=\"\" width=\"564\" align=\"center\" class=\"lazyload\" \/><\/td>\r\n<\/tr>\r\n<\/tbody>\r\n<\/table>\r\n<\/td>\r\n<\/tr>\r\n<\/tbody>\r\n<\/table>\r\n<table border=\"0\" width=\"100%\" cellspacing=\"0\" cellpadding=\"0\">\r\n<tbody>\r\n<tr>\r\n<td valign=\"top\"><!-- [if mso]>\r\n<table align=\"left\" border=\"0\" cellspacing=\"0\" cellpadding=\"0\" width=\"100%\" style=\"width:100%;\">\r\n<tr>\r\n\t\t\t\t<![endif]--><!-- [if mso]>\r\n<td valign=\"top\" width=\"600\" style=\"width:600px;\">\r\n\t\t\t\t<![endif]-->\r\n<table border=\"0\" width=\"100%\" cellspacing=\"0\" cellpadding=\"0\" align=\"left\">\r\n<tbody>\r\n<tr>\r\n<td valign=\"top\">An analysis published in June by the Mediacritica portal examined the amendments to the Audiovisual Media Services Code (AMSC) that were voted on June 2 by the Moldovan Parliament. Among other things, they supplement a number of articles in the Code with\u00a0 legal definitions of the concepts of &#8220;information security&#8221; and disinformation.\r\n\r\nThe author of the material, APEL Executive Director Ion Bunduchi, notes that, in essence, the recent amendments could be described as &#8220;restoring and strengthening some of the original mechanisms provided for in the Code that are aimed at securing the national audiovisual space.&#8221;\r\n\r\nThe author recalls that the AMSC was passed in 2018, when the armed conflict in eastern Ukraine had already lasted four years. This conflict has highlighted the harmfulness of aggressive propaganda, the awareness that Moldova cannot and should not ignore the dangers of propaganda, and that the Code must contain effective anti-propaganda mechanisms.\r\n\r\nIn the expert&#8217;s opinion, the amendments to Articles 5 and 6 of the AMSC bring back to the text of the law some original provisions, which were excluded for unjustified reasons at the end of 2020. Several changes have been made to Article 17, which refers to the protection of the national audiovisual space.\r\n<div>The material was produced as part of the project &#8220;Fighting propaganda and manipulation through media literacy tools&#8221;, implemented by the Center for Independent Journalism from November 2021 to November 2022, with the support of the Black Sea Trust, a project of the German Marshall Fund of the United States.<\/div><\/td>\r\n<\/tr>\r\n<\/tbody>\r\n<\/table>\r\n<!-- [if mso]><\/td>\r\n<![endif]-->\r\n\r\n<!-- [if mso]><\/tr>\r\n<\/table>\r\n<![endif]--><\/td>\r\n<\/tr>\r\n<\/tbody>\r\n<\/table>\r\n<table border=\"0\" width=\"100%\" cellspacing=\"0\" cellpadding=\"0\">\r\n<tbody>\r\n<tr>\r\n<td valign=\"top\"><!-- [if mso]>\r\n<table align=\"left\" border=\"0\" cellspacing=\"0\" cellpadding=\"0\" width=\"100%\" style=\"width:100%;\">\r\n<tr>\r\n\t\t\t\t<![endif]--><!-- [if mso]>\r\n<td valign=\"top\" width=\"600\" style=\"width:600px;\">\r\n\t\t\t\t<![endif]-->\r\n<table border=\"0\" width=\"100%\" cellspacing=\"0\" cellpadding=\"0\" align=\"left\">\r\n<tbody>\r\n<tr>\r\n<td valign=\"top\">\r\n<h1>Freedom House Updates<\/h1>\r\n<\/td>\r\n<\/tr>\r\n<\/tbody>\r\n<\/table>\r\n<!-- [if mso]><\/td>\r\n<![endif]-->\r\n\r\n<!-- [if mso]><\/tr>\r\n<\/table>\r\n<![endif]--><\/td>\r\n<\/tr>\r\n<\/tbody>\r\n<\/table>\r\n<table border=\"0\" width=\"100%\" cellspacing=\"0\" cellpadding=\"0\">\r\n<tbody>\r\n<tr>\r\n<td valign=\"top\"><!-- [if mso]>\r\n<table align=\"left\" border=\"0\" cellspacing=\"0\" cellpadding=\"0\" width=\"100%\" style=\"width:100%;\">\r\n<tr>\r\n\t\t\t\t<![endif]--><!-- [if mso]>\r\n<td valign=\"top\" width=\"600\" style=\"width:600px;\">\r\n\t\t\t\t<![endif]-->\r\n<table border=\"0\" width=\"100%\" cellspacing=\"0\" cellpadding=\"0\" align=\"left\">\r\n<tbody>\r\n<tr>\r\n<td valign=\"top\">\r\n<h2><a href=\"https:\/\/freedomhouse.org\/sites\/default\/files\/2022-06\/fh-pb_17-Informational-Space-in-the-Transnistrian-region_Eng.pdf\">Freedom House publishes latest edition in the Media Forward policy brief series<\/a><\/h2>\r\n<\/td>\r\n<\/tr>\r\n<\/tbody>\r\n<\/table>\r\n<!-- [if mso]><\/td>\r\n<![endif]-->\r\n\r\n<!-- [if mso]><\/tr>\r\n<\/table>\r\n<![endif]--><\/td>\r\n<\/tr>\r\n<\/tbody>\r\n<\/table>\r\n<table border=\"0\" width=\"100%\" cellspacing=\"0\" cellpadding=\"0\">\r\n<tbody>\r\n<tr>\r\n<td valign=\"top\">\r\n<table border=\"0\" width=\"100%\" cellspacing=\"0\" cellpadding=\"0\" align=\"left\">\r\n<tbody>\r\n<tr>\r\n<td valign=\"top\"><img decoding=\"async\" src=\"data:image\/gif;base64,R0lGODlhAQABAAAAACH5BAEKAAEALAAAAAABAAEAAAICTAEAOw==\" data-src=\"https:\/\/mcusercontent.com\/2fbb6e402472903faeb1aa6c4\/images\/fc415435-fb06-92c6-b180-83714124be61.png\" alt=\"\" width=\"564\" align=\"center\" class=\"lazyload\" \/><\/td>\r\n<\/tr>\r\n<\/tbody>\r\n<\/table>\r\n<\/td>\r\n<\/tr>\r\n<\/tbody>\r\n<\/table>\r\n<table border=\"0\" width=\"100%\" cellspacing=\"0\" cellpadding=\"0\">\r\n<tbody>\r\n<tr>\r\n<td valign=\"top\"><!-- [if mso]>\r\n<table align=\"left\" border=\"0\" cellspacing=\"0\" cellpadding=\"0\" width=\"100%\" style=\"width:100%;\">\r\n<tr>\r\n\t\t\t\t<![endif]--><!-- [if mso]>\r\n<td valign=\"top\" width=\"600\" style=\"width:600px;\">\r\n\t\t\t\t<![endif]-->\r\n<table border=\"0\" width=\"100%\" cellspacing=\"0\" cellpadding=\"0\" align=\"left\">\r\n<tbody>\r\n<tr>\r\n<td valign=\"top\">Freedom House <a href=\"https:\/\/freedomhouse.org\/sites\/default\/files\/2022-06\/fh-pb_17-Informational-Space-in-the-Transnistrian-region_Eng.pdf\">published<\/a> Media Forward policy brief \u201cInformational Space in the Transnistrian Region \u2013 Media that Divides or Unites?\u201d by Moldovan expert Victoria Rosa. Rosa\u2019s policy brief examines the closed media environment in the Transnistrian region of Moldova in the context of the coronavirus pandemic and the so-called presidential election in 2021, looking at how the region\u2019s authorities use the media to advance their own political agenda of self-determination. Additionally, the brief offers recommendations to the Moldovan government on how to bridge the gap between the restrictive media space in the Transnistrian region and the more open media space on the right bank of the Nistru River.<\/td>\r\n<\/tr>\r\n<\/tbody>\r\n<\/table>\r\n<!-- [if mso]><\/td>\r\n<![endif]-->\r\n\r\n<!-- [if mso]><\/tr>\r\n<\/table>\r\n<![endif]--><\/td>\r\n<\/tr>\r\n<\/tbody>\r\n<\/table>\r\n<\/td>\r\n<\/tr>\r\n<tr>\r\n<td id=\"templateFooter\" valign=\"top\"><\/td>\r\n<\/tr>\r\n<\/tbody>\r\n<\/table>\r\n<\/td>\r\n<\/tr>\r\n<\/tbody>\r\n<\/table>\r\n[\/vc_column_text][\/vc_column][\/vc_row][vc_row][vc_column][vc_column_text]\r\n\r\n[\/vc_column_text][\/vc_column][\/vc_row]<div class=\"pvc_clear\"><\/div><p id=\"pvc_stats_14492\" class=\"pvc_stats total_only  \" data-element-id=\"14492\" style=\"\"><i class=\"pvc-stats-icon medium\" aria-hidden=\"true\"><svg aria-hidden=\"true\" focusable=\"false\" data-prefix=\"far\" data-icon=\"chart-bar\" role=\"img\" xmlns=\"http:\/\/www.w3.org\/2000\/svg\" viewBox=\"0 0 512 512\" class=\"svg-inline--fa fa-chart-bar fa-w-16 fa-2x\"><path fill=\"currentColor\" d=\"M396.8 352h22.4c6.4 0 12.8-6.4 12.8-12.8V108.8c0-6.4-6.4-12.8-12.8-12.8h-22.4c-6.4 0-12.8 6.4-12.8 12.8v230.4c0 6.4 6.4 12.8 12.8 12.8zm-192 0h22.4c6.4 0 12.8-6.4 12.8-12.8V140.8c0-6.4-6.4-12.8-12.8-12.8h-22.4c-6.4 0-12.8 6.4-12.8 12.8v198.4c0 6.4 6.4 12.8 12.8 12.8zm96 0h22.4c6.4 0 12.8-6.4 12.8-12.8V204.8c0-6.4-6.4-12.8-12.8-12.8h-22.4c-6.4 0-12.8 6.4-12.8 12.8v134.4c0 6.4 6.4 12.8 12.8 12.8zM496 400H48V80c0-8.84-7.16-16-16-16H16C7.16 64 0 71.16 0 80v336c0 17.67 14.33 32 32 32h464c8.84 0 16-7.16 16-16v-16c0-8.84-7.16-16-16-16zm-387.2-48h22.4c6.4 0 12.8-6.4 12.8-12.8v-70.4c0-6.4-6.4-12.8-12.8-12.8h-22.4c-6.4 0-12.8 6.4-12.8 12.8v70.4c0 6.4 6.4 12.8 12.8 12.8z\" class=\"\"><\/path><\/svg><\/i> <img decoding=\"async\" width=\"16\" height=\"16\" alt=\"Loading\" src=\"data:image\/gif;base64,R0lGODlhAQABAAAAACH5BAEKAAEALAAAAAABAAEAAAICTAEAOw==\" data-src=\"https:\/\/cji.md\/wp-content\/plugins\/page-views-count\/ajax-loader-2x.gif\" border=0 class=\"lazyload\" \/><\/p><div class=\"pvc_clear\"><\/div><\/div>","protected":false},"excerpt":{"rendered":"<p>[vc_row][vc_column][vc_column_text] &nbsp; Thanks to the efforts of the IJC, the Committee of Ministers of the Council of Europe will continue to monitor the implementation of the Manole et al v. Moldova judgment On June 10, the Committee of Ministers (CM) of the Council of Europe (CoE) decided to continue monitoring the authorities of the Republic&hellip;<\/p>\n<div class=\"pvc_clear\"><\/div>\n<p id=\"pvc_stats_14492\" class=\"pvc_stats total_only  \" data-element-id=\"14492\" style=\"\"><i class=\"pvc-stats-icon medium\" aria-hidden=\"true\"><svg aria-hidden=\"true\" focusable=\"false\" data-prefix=\"far\" data-icon=\"chart-bar\" role=\"img\" xmlns=\"http:\/\/www.w3.org\/2000\/svg\" viewBox=\"0 0 512 512\" class=\"svg-inline--fa fa-chart-bar fa-w-16 fa-2x\"><path fill=\"currentColor\" d=\"M396.8 352h22.4c6.4 0 12.8-6.4 12.8-12.8V108.8c0-6.4-6.4-12.8-12.8-12.8h-22.4c-6.4 0-12.8 6.4-12.8 12.8v230.4c0 6.4 6.4 12.8 12.8 12.8zm-192 0h22.4c6.4 0 12.8-6.4 12.8-12.8V140.8c0-6.4-6.4-12.8-12.8-12.8h-22.4c-6.4 0-12.8 6.4-12.8 12.8v198.4c0 6.4 6.4 12.8 12.8 12.8zm96 0h22.4c6.4 0 12.8-6.4 12.8-12.8V204.8c0-6.4-6.4-12.8-12.8-12.8h-22.4c-6.4 0-12.8 6.4-12.8 12.8v134.4c0 6.4 6.4 12.8 12.8 12.8zM496 400H48V80c0-8.84-7.16-16-16-16H16C7.16 64 0 71.16 0 80v336c0 17.67 14.33 32 32 32h464c8.84 0 16-7.16 16-16v-16c0-8.84-7.16-16-16-16zm-387.2-48h22.4c6.4 0 12.8-6.4 12.8-12.8v-70.4c0-6.4-6.4-12.8-12.8-12.8h-22.4c-6.4 0-12.8 6.4-12.8 12.8v70.4c0 6.4 6.4 12.8 12.8 12.8z\" class=\"\"><\/path><\/svg><\/i> <img decoding=\"async\" width=\"16\" height=\"16\" alt=\"Loading\" src=\"https:\/\/cji.md\/wp-content\/plugins\/page-views-count\/ajax-loader-2x.gif\" border=0 \/><\/p>\n<div class=\"pvc_clear\"><\/div>\n","protected":false},"author":10,"featured_media":11514,"comment_status":"closed","ping_status":"closed","sticky":false,"template":"","format":"standard","meta":{"_editorskit_title_hidden":false,"_editorskit_reading_time":0,"_editorskit_is_block_options_detached":false,"_editorskit_block_options_position":"{}","_FSMCFIC_featured_image_caption":"","_FSMCFIC_featured_image_nocaption":"","_FSMCFIC_featured_image_hide":"","footnotes":""},"categories":[294],"tags":[],"class_list":["post-14492","post","type-post","status-publish","format-standard","has-post-thumbnail","hentry","category-moldova-media-news"],"aioseo_notices":[],"a3_pvc":{"activated":true,"total_views":71,"today_views":0},"featured_image_urls":{"full":["https:\/\/cji.md\/wp-content\/uploads\/2021\/11\/edited-medianews-mediaindustry-industry-media.jpg",1000,600,false],"thumbnail":["https:\/\/cji.md\/wp-content\/uploads\/2021\/11\/edited-medianews-mediaindustry-industry-media-150x150.jpg",150,150,true],"medium":["https:\/\/cji.md\/wp-content\/uploads\/2021\/11\/edited-medianews-mediaindustry-industry-media-300x180.jpg",300,180,true],"medium_large":["https:\/\/cji.md\/wp-content\/uploads\/2021\/11\/edited-medianews-mediaindustry-industry-media-768x461.jpg",768,461,true],"large":["https:\/\/cji.md\/wp-content\/uploads\/2021\/11\/edited-medianews-mediaindustry-industry-media.jpg",1000,600,false],"1536x1536":["https:\/\/cji.md\/wp-content\/uploads\/2021\/11\/edited-medianews-mediaindustry-industry-media.jpg",1000,600,false],"2048x2048":["https:\/\/cji.md\/wp-content\/uploads\/2021\/11\/edited-medianews-mediaindustry-industry-media.jpg",1000,600,false],"post-thumbnail":["https:\/\/cji.md\/wp-content\/uploads\/2021\/11\/edited-medianews-mediaindustry-industry-media-200x200.jpg",200,200,true],"revolution-thumbnail":["https:\/\/cji.md\/wp-content\/uploads\/2021\/11\/edited-medianews-mediaindustry-industry-media-100x100.jpg",100,100,true],"revolution-bloglarge":["https:\/\/cji.md\/wp-content\/uploads\/2021\/11\/edited-medianews-mediaindustry-industry-media-650x325.jpg",650,325,true],"revolution-square":["https:\/\/cji.md\/wp-content\/uploads\/2021\/11\/edited-medianews-mediaindustry-industry-media-380x350.jpg",380,350,true],"revolution-rectangle":["https:\/\/cji.md\/wp-content\/uploads\/2021\/11\/edited-medianews-mediaindustry-industry-media-380x315.jpg",380,315,true],"revolution-squaresmall":["https:\/\/cji.md\/wp-content\/uploads\/2021\/11\/edited-medianews-mediaindustry-industry-media-380x300.jpg",380,300,true],"revolution-squaresmalltall":["https:\/\/cji.md\/wp-content\/uploads\/2021\/11\/edited-medianews-mediaindustry-industry-media-380x600.jpg",380,600,true],"revolution-squaresmallwide":["https:\/\/cji.md\/wp-content\/uploads\/2021\/11\/edited-medianews-mediaindustry-industry-media-760x300.jpg",760,300,true],"revolution-masonry":["https:\/\/cji.md\/wp-content\/uploads\/2021\/11\/edited-medianews-mediaindustry-industry-media-380x228.jpg",380,228,true],"revolution-tall":["https:\/\/cji.md\/wp-content\/uploads\/2021\/11\/edited-medianews-mediaindustry-industry-media-380x600.jpg",380,600,true],"revolution-wide":["https:\/\/cji.md\/wp-content\/uploads\/2021\/11\/edited-medianews-mediaindustry-industry-media-760x350.jpg",760,350,true],"revolution-thumbnail-small":["https:\/\/cji.md\/wp-content\/uploads\/2021\/11\/edited-medianews-mediaindustry-industry-media-50x200.jpg",50,200,true],"revolution-thumbnail-x2":["https:\/\/cji.md\/wp-content\/uploads\/2021\/11\/edited-medianews-mediaindustry-industry-media-200x200.jpg",200,200,true],"revolution-thumbnail-x3":["https:\/\/cji.md\/wp-content\/uploads\/2021\/11\/edited-medianews-mediaindustry-industry-media-300x300.jpg",300,300,true],"revolution-thumbnail-mini":["https:\/\/cji.md\/wp-content\/uploads\/2021\/11\/edited-medianews-mediaindustry-industry-media-20x20.jpg",20,20,true],"revolution-bloglarge-small":["https:\/\/cji.md\/wp-content\/uploads\/2021\/11\/edited-medianews-mediaindustry-industry-media-325x600.jpg",325,600,true],"revolution-bloglarge-x2":["https:\/\/cji.md\/wp-content\/uploads\/2021\/11\/edited-medianews-mediaindustry-industry-media.jpg",1000,600,false],"revolution-bloglarge-x3":["https:\/\/cji.md\/wp-content\/uploads\/2021\/11\/edited-medianews-mediaindustry-industry-media.jpg",1000,600,false],"revolution-bloglarge-mini":["https:\/\/cji.md\/wp-content\/uploads\/2021\/11\/edited-medianews-mediaindustry-industry-media-20x10.jpg",20,10,true],"revolution-square-small":["https:\/\/cji.md\/wp-content\/uploads\/2021\/11\/edited-medianews-mediaindustry-industry-media-190x600.jpg",190,600,true],"revolution-square-x2":["https:\/\/cji.md\/wp-content\/uploads\/2021\/11\/edited-medianews-mediaindustry-industry-media-760x600.jpg",760,600,true],"revolution-square-x3":["https:\/\/cji.md\/wp-content\/uploads\/2021\/11\/edited-medianews-mediaindustry-industry-media.jpg",1000,600,false],"revolution-square-mini":["https:\/\/cji.md\/wp-content\/uploads\/2021\/11\/edited-medianews-mediaindustry-industry-media-20x18.jpg",20,18,true],"revolution-rectangle-small":["https:\/\/cji.md\/wp-content\/uploads\/2021\/11\/edited-medianews-mediaindustry-industry-media-190x600.jpg",190,600,true],"revolution-rectangle-x2":["https:\/\/cji.md\/wp-content\/uploads\/2021\/11\/edited-medianews-mediaindustry-industry-media-760x600.jpg",760,600,true],"revolution-rectangle-x3":["https:\/\/cji.md\/wp-content\/uploads\/2021\/11\/edited-medianews-mediaindustry-industry-media.jpg",1000,600,false],"revolution-rectangle-mini":["https:\/\/cji.md\/wp-content\/uploads\/2021\/11\/edited-medianews-mediaindustry-industry-media-20x16.jpg",20,16,true],"revolution-squaresmall-small":["https:\/\/cji.md\/wp-content\/uploads\/2021\/11\/edited-medianews-mediaindustry-industry-media-190x600.jpg",190,600,true],"revolution-squaresmall-x2":["https:\/\/cji.md\/wp-content\/uploads\/2021\/11\/edited-medianews-mediaindustry-industry-media-760x600.jpg",760,600,true],"revolution-squaresmall-x3":["https:\/\/cji.md\/wp-content\/uploads\/2021\/11\/edited-medianews-mediaindustry-industry-media.jpg",1000,600,false],"revolution-squaresmall-mini":["https:\/\/cji.md\/wp-content\/uploads\/2021\/11\/edited-medianews-mediaindustry-industry-media-20x15.jpg",20,15,true],"revolution-squaresmalltall-small":["https:\/\/cji.md\/wp-content\/uploads\/2021\/11\/edited-medianews-mediaindustry-industry-media-190x600.jpg",190,600,true],"revolution-squaresmalltall-x2":["https:\/\/cji.md\/wp-content\/uploads\/2021\/11\/edited-medianews-mediaindustry-industry-media-760x600.jpg",760,600,true],"revolution-squaresmalltall-x3":["https:\/\/cji.md\/wp-content\/uploads\/2021\/11\/edited-medianews-mediaindustry-industry-media.jpg",1000,600,false],"revolution-squaresmalltall-mini":["https:\/\/cji.md\/wp-content\/uploads\/2021\/11\/edited-medianews-mediaindustry-industry-media-20x31.jpg",20,31,true],"revolution-squaresmallwide-small":["https:\/\/cji.md\/wp-content\/uploads\/2021\/11\/edited-medianews-mediaindustry-industry-media-380x600.jpg",380,600,true],"revolution-squaresmallwide-x2":["https:\/\/cji.md\/wp-content\/uploads\/2021\/11\/edited-medianews-mediaindustry-industry-media.jpg",1000,600,false],"revolution-squaresmallwide-x3":["https:\/\/cji.md\/wp-content\/uploads\/2021\/11\/edited-medianews-mediaindustry-industry-media.jpg",1000,600,false],"revolution-squaresmallwide-mini":["https:\/\/cji.md\/wp-content\/uploads\/2021\/11\/edited-medianews-mediaindustry-industry-media-20x7.jpg",20,7,true],"revolution-masonry-small":["https:\/\/cji.md\/wp-content\/uploads\/2021\/11\/edited-medianews-mediaindustry-industry-media-190x114.jpg",190,114,true],"revolution-masonry-x2":["https:\/\/cji.md\/wp-content\/uploads\/2021\/11\/edited-medianews-mediaindustry-industry-media-760x456.jpg",760,456,true],"revolution-masonry-x3":["https:\/\/cji.md\/wp-content\/uploads\/2021\/11\/edited-medianews-mediaindustry-industry-media.jpg",1000,600,false],"revolution-masonry-mini":["https:\/\/cji.md\/wp-content\/uploads\/2021\/11\/edited-medianews-mediaindustry-industry-media-20x12.jpg",20,12,true],"revolution-tall-small":["https:\/\/cji.md\/wp-content\/uploads\/2021\/11\/edited-medianews-mediaindustry-industry-media-190x600.jpg",190,600,true],"revolution-tall-x2":["https:\/\/cji.md\/wp-content\/uploads\/2021\/11\/edited-medianews-mediaindustry-industry-media-760x600.jpg",760,600,true],"revolution-tall-x3":["https:\/\/cji.md\/wp-content\/uploads\/2021\/11\/edited-medianews-mediaindustry-industry-media.jpg",1000,600,false],"revolution-tall-mini":["https:\/\/cji.md\/wp-content\/uploads\/2021\/11\/edited-medianews-mediaindustry-industry-media-20x36.jpg",20,36,true],"revolution-wide-small":["https:\/\/cji.md\/wp-content\/uploads\/2021\/11\/edited-medianews-mediaindustry-industry-media-380x600.jpg",380,600,true],"revolution-wide-x2":["https:\/\/cji.md\/wp-content\/uploads\/2021\/11\/edited-medianews-mediaindustry-industry-media.jpg",1000,600,false],"revolution-wide-x3":["https:\/\/cji.md\/wp-content\/uploads\/2021\/11\/edited-medianews-mediaindustry-industry-media.jpg",1000,600,false],"revolution-wide-mini":["https:\/\/cji.md\/wp-content\/uploads\/2021\/11\/edited-medianews-mediaindustry-industry-media-20x9.jpg",20,9,true]},"post_excerpt_stackable":"<p>[vc_row][vc_column][vc_column_text] &nbsp; Thanks to the efforts of the IJC, the Committee of Ministers of the Council of Europe will continue to monitor the implementation of the Manole et al v. Moldova judgment On June 10, the Committee of Ministers (CM) of the Council of Europe (CoE) decided to continue monitoring the authorities of the Republic of Moldova to ensure that they properly implement the European Court of Human Rights (ECtHR) judgment in the case of Manole et al v. Moldova. Furthermore, the case has been moved from the standard monitoring procedure to the advanced monitoring procedure, these actions being a&hellip;<\/p>\n<div class=\"pvc_clear\"><\/div>\n<p id=\"pvc_stats_14492\" class=\"pvc_stats total_only  \" data-element-id=\"14492\" style=\"\"><i class=\"pvc-stats-icon medium\" aria-hidden=\"true\"><svg aria-hidden=\"true\" focusable=\"false\" data-prefix=\"far\" data-icon=\"chart-bar\" role=\"img\" xmlns=\"http:\/\/www.w3.org\/2000\/svg\" viewBox=\"0 0 512 512\" class=\"svg-inline--fa fa-chart-bar fa-w-16 fa-2x\"><path fill=\"currentColor\" d=\"M396.8 352h22.4c6.4 0 12.8-6.4 12.8-12.8V108.8c0-6.4-6.4-12.8-12.8-12.8h-22.4c-6.4 0-12.8 6.4-12.8 12.8v230.4c0 6.4 6.4 12.8 12.8 12.8zm-192 0h22.4c6.4 0 12.8-6.4 12.8-12.8V140.8c0-6.4-6.4-12.8-12.8-12.8h-22.4c-6.4 0-12.8 6.4-12.8 12.8v198.4c0 6.4 6.4 12.8 12.8 12.8zm96 0h22.4c6.4 0 12.8-6.4 12.8-12.8V204.8c0-6.4-6.4-12.8-12.8-12.8h-22.4c-6.4 0-12.8 6.4-12.8 12.8v134.4c0 6.4 6.4 12.8 12.8 12.8zM496 400H48V80c0-8.84-7.16-16-16-16H16C7.16 64 0 71.16 0 80v336c0 17.67 14.33 32 32 32h464c8.84 0 16-7.16 16-16v-16c0-8.84-7.16-16-16-16zm-387.2-48h22.4c6.4 0 12.8-6.4 12.8-12.8v-70.4c0-6.4-6.4-12.8-12.8-12.8h-22.4c-6.4 0-12.8 6.4-12.8 12.8v70.4c0 6.4 6.4 12.8 12.8 12.8z\" class=\"\"><\/path><\/svg><\/i> <img decoding=\"async\" width=\"16\" height=\"16\" alt=\"Loading\" src=\"https:\/\/cji.md\/wp-content\/plugins\/page-views-count\/ajax-loader-2x.gif\" border=0 \/><\/p>\n<div class=\"pvc_clear\"><\/div>\n","category_list":"<a href=\"https:\/\/cji.md\/en\/category\/publications\/moldova-media-news\/\" rel=\"category tag\">Moldova Media News<\/a>","author_info":{"name":"Roman Tugui","url":"https:\/\/cji.md\/en\/author\/tugui-roman\/"},"comments_num":"0 comments","amp_enabled":true,"_links":{"self":[{"href":"https:\/\/cji.md\/en\/wp-json\/wp\/v2\/posts\/14492","targetHints":{"allow":["GET"]}}],"collection":[{"href":"https:\/\/cji.md\/en\/wp-json\/wp\/v2\/posts"}],"about":[{"href":"https:\/\/cji.md\/en\/wp-json\/wp\/v2\/types\/post"}],"author":[{"embeddable":true,"href":"https:\/\/cji.md\/en\/wp-json\/wp\/v2\/users\/10"}],"replies":[{"embeddable":true,"href":"https:\/\/cji.md\/en\/wp-json\/wp\/v2\/comments?post=14492"}],"version-history":[{"count":0,"href":"https:\/\/cji.md\/en\/wp-json\/wp\/v2\/posts\/14492\/revisions"}],"wp:featuredmedia":[{"embeddable":true,"href":"https:\/\/cji.md\/en\/wp-json\/wp\/v2\/media\/11514"}],"wp:attachment":[{"href":"https:\/\/cji.md\/en\/wp-json\/wp\/v2\/media?parent=14492"}],"wp:term":[{"taxonomy":"category","embeddable":true,"href":"https:\/\/cji.md\/en\/wp-json\/wp\/v2\/categories?post=14492"},{"taxonomy":"post_tag","embeddable":true,"href":"https:\/\/cji.md\/en\/wp-json\/wp\/v2\/tags?post=14492"}],"curies":[{"name":"wp","href":"https:\/\/api.w.org\/{rel}","templated":true}]}}